{"id":3663,"date":"2025-01-14T19:50:53","date_gmt":"2025-01-14T18:50:53","guid":{"rendered":"https:\/\/sunuentreprise.sn\/?p=3663"},"modified":"2025-01-14T19:50:54","modified_gmt":"2025-01-14T18:50:54","slug":"senegal-mauritanie-un-partenariat-economique-renforce","status":"publish","type":"post","link":"https:\/\/sunuentreprise.sn\/index.php\/2025\/01\/14\/senegal-mauritanie-un-partenariat-economique-renforce\/","title":{"rendered":"S\u00e9n\u00e9gal &#8211; Mauritanie : Un partenariat \u00e9conomique renforc\u00e9"},"content":{"rendered":"\n<p>A l\u2019occasion de sa visite de travail en Mauritanie, Ousmane Sonko et son homologue Moctar Ould Diay, se sont engag\u00e9s, mardi, \u00e0 Nouakchott, \u00e0 lever les obstacles auxquels les secteurs priv\u00e9s de la Mauritanie et du S\u00e9n\u00e9gal sont confront\u00e9s en voulant investir de part et d\u2019autre de la fronti\u00e8re des deux pays. Ils ont pris cet engagement lors d\u2019une \u00ab table ronde secteur public-priv\u00e9 Mauritanie-S\u00e9n\u00e9gal \u00bb, \u00e0 l\u2019occasion d\u2019une visite de travail du chef du gouvernement s\u00e9n\u00e9galais en Mauritanie.<\/p>\n\n\n\n<p>\u00ab Dans notre relation, il faut qu\u2019il y ait beaucoup de mauritaniens au S\u00e9n\u00e9gal et beaucoup de S\u00e9n\u00e9galais en Mauritanie [\u2026] Il faut que toutes les barri\u00e8res soient lev\u00e9es\u2019\u2019, a soutenu Ousmane Sonko lors de cette rencontre organis\u00e9e par l\u2019Agence de promotion des investissements en Mauritanie et l\u2019Agence nationale charg\u00e9e de la promotion des investissements et des grands travaux au S\u00e9n\u00e9gal.<\/p>\n\n\n\n<p>\u00ab Nous appelons le secteur priv\u00e9 de la Mauritanie et celui du S\u00e9n\u00e9gal \u00e0 travailler main dans la main en multipliant les partenariats public-priv\u00e9, les joint-ventures [\u2026] Le secteur priv\u00e9 s\u00e9n\u00e9galais sera le bienvenu en Mauritanie. Le gouvernement mauritanien prendra toutes les dispositions n\u00e9cessaires pour lever les entraves \u00bb, a assur\u00e9 Moctar Ould Diay, estimant que \u2018\u2019les perspectives sont prometteuses\u2019\u2019 pour les relations bilat\u00e9rales.<\/p>\n","protected":false},"excerpt":{"rendered":"<p>A l\u2019occasion de sa visite de travail en Mauritanie,<\/p>\n","protected":false},"author":1,"featured_media":3664,"comment_status":"open","ping_status":"open","sticky":false,"template":"","format":"standard","meta":{"footnotes":""},"categories":[13,53],"tags":[346,561,11],"class_list":["post-3663","post","type-post","status-publish","format-standard","has-post-thumbnail","hentry","category-a-la-une","category-actualites","tag-mauritanie","tag-partenariat-economique","tag-senegal"],"_links":{"self":[{"href":"https:\/\/sunuentreprise.sn\/index.php\/wp-json\/wp\/v2\/posts\/3663","targetHints":{"allow":["GET"]}}],"collection":[{"href":"https:\/\/sunuentreprise.sn\/index.php\/wp-json\/wp\/v2\/posts"}],"about":[{"href":"https:\/\/sunuentreprise.sn\/index.php\/wp-json\/wp\/v2\/types\/post"}],"author":[{"embeddable":true,"href":"https:\/\/sunuentreprise.sn\/index.php\/wp-json\/wp\/v2\/users\/1"}],"replies":[{"embeddable":true,"href":"https:\/\/sunuentreprise.sn\/index.php\/wp-json\/wp\/v2\/comments?post=3663"}],"version-history":[{"count":1,"href":"https:\/\/sunuentreprise.sn\/index.php\/wp-json\/wp\/v2\/posts\/3663\/revisions"}],"predecessor-version":[{"id":3665,"href":"https:\/\/sunuentreprise.sn\/index.php\/wp-json\/wp\/v2\/posts\/3663\/revisions\/3665"}],"wp:featuredmedia":[{"embeddable":true,"href":"https:\/\/sunuentreprise.sn\/index.php\/wp-json\/wp\/v2\/media\/3664"}],"wp:attachment":[{"href":"https:\/\/sunuentreprise.sn\/index.php\/wp-json\/wp\/v2\/media?parent=3663"}],"wp:term":[{"taxonomy":"category","embeddable":true,"href":"https:\/\/sunuentreprise.sn\/index.php\/wp-json\/wp\/v2\/categories?post=3663"},{"taxonomy":"post_tag","embeddable":true,"href":"https:\/\/sunuentreprise.sn\/index.php\/wp-json\/wp\/v2\/tags?post=3663"}],"curies":[{"name":"wp","href":"https:\/\/api.w.org\/{rel}","templated":true}]}}