{"id":3752,"date":"2025-01-27T17:06:16","date_gmt":"2025-01-27T16:06:16","guid":{"rendered":"https:\/\/sunuentreprise.sn\/?p=3752"},"modified":"2025-01-27T17:06:18","modified_gmt":"2025-01-27T16:06:18","slug":"la-semig-en-mission-en-turquie-vers-des-perspectives-de-collaboration-prometteuse","status":"publish","type":"post","link":"https:\/\/sunuentreprise.sn\/index.php\/2025\/01\/27\/la-semig-en-mission-en-turquie-vers-des-perspectives-de-collaboration-prometteuse\/","title":{"rendered":"La SEMIG en mission en Turquie : Vers des perspectives de collaboration prometteuse"},"content":{"rendered":"\n<p>Acteur cl\u00e9 de l\u2019agro-business au S\u00e9n\u00e9gal, la SEMIG poursuit une mission strat\u00e9gique en Turquie dans la r\u00e9gion d\u2019Amasya. Lors cette mission, la d\u00e9l\u00e9gation de la SEMIG, conduite par le DG Mamadou Coulibaly a proc\u00e9d\u00e9 \u00e0 la d\u00e9couverte des infrastructures modernes et des pratiques logistiques avanc\u00e9es pour inspirer l\u2019\u00e9volution du MIN de Diamniadio.<\/p>\n\n\n\n<figure class=\"wp-block-image size-large\"><img loading=\"lazy\" decoding=\"async\" width=\"1024\" height=\"768\" src=\"https:\/\/sunuentreprise.sn\/wp-content\/uploads\/2025\/01\/1-3-1024x768.jpg\" alt=\"\" class=\"wp-image-3754\" srcset=\"https:\/\/sunuentreprise.sn\/wp-content\/uploads\/2025\/01\/1-3-1024x768.jpg 1024w, https:\/\/sunuentreprise.sn\/wp-content\/uploads\/2025\/01\/1-3-300x225.jpg 300w, https:\/\/sunuentreprise.sn\/wp-content\/uploads\/2025\/01\/1-3-768x576.jpg 768w, https:\/\/sunuentreprise.sn\/wp-content\/uploads\/2025\/01\/1-3-720x540.jpg 720w, https:\/\/sunuentreprise.sn\/wp-content\/uploads\/2025\/01\/1-3.jpg 1080w\" sizes=\"auto, (max-width: 1024px) 100vw, 1024px\" \/><\/figure>\n\n\n\n<p>Pour am\u00e9liorer la productivit\u00e9 au S\u00e9n\u00e9gal, la SEMIG a explor\u00e9 de techniques agricoles innovantes et durables. Allant dans ce sens, la d\u00e9l\u00e9gation s\u00e9n\u00e9galaise a rencontr\u00e9 Besgoz Tarim, l&rsquo;une des plus grandes entreprises agroalimentaire de la Turquie.<br>Cette \u00e9tape leur a permis de visiter les entrep\u00f4ts frigorifiques et de d\u00e9couvrir l\u2019expertise en stockage et conservation des produits agricoles, notamment des pommes de qualit\u00e9.<\/p>\n\n\n\n<p>Les \u00e9changes avec le PDG, M. Macit Majid Okur, et son \u00e9quipe ouvrent de r\u00e9elles perspectives de partenariat pour accompagner le d\u00e9veloppement des infrastructures de la SEMIG et renforcer les capacit\u00e9s logistiques du MIN de Diamniadio.<\/p>\n\n\n\n<figure class=\"wp-block-image size-large\"><img loading=\"lazy\" decoding=\"async\" width=\"768\" height=\"1024\" src=\"https:\/\/sunuentreprise.sn\/wp-content\/uploads\/2025\/01\/2-4-768x1024.jpg\" alt=\"\" class=\"wp-image-3755\" srcset=\"https:\/\/sunuentreprise.sn\/wp-content\/uploads\/2025\/01\/2-4-768x1024.jpg 768w, https:\/\/sunuentreprise.sn\/wp-content\/uploads\/2025\/01\/2-4-225x300.jpg 225w, https:\/\/sunuentreprise.sn\/wp-content\/uploads\/2025\/01\/2-4-450x600.jpg 450w, https:\/\/sunuentreprise.sn\/wp-content\/uploads\/2025\/01\/2-4.jpg 810w\" sizes=\"auto, (max-width: 768px) 100vw, 768px\" \/><\/figure>\n","protected":false},"excerpt":{"rendered":"<p>Acteur cl\u00e9 de l\u2019agro-business au S\u00e9n\u00e9gal, la SEMIG poursuit<\/p>\n","protected":false},"author":1,"featured_media":3753,"comment_status":"open","ping_status":"open","sticky":false,"template":"","format":"standard","meta":{"footnotes":""},"categories":[13,63],"tags":[584,298,583,582,11,396],"class_list":["post-3752","post","type-post","status-publish","format-standard","has-post-thumbnail","hentry","category-a-la-une","category-industrie","tag-agro-business","tag-collaboration","tag-mission","tag-semig","tag-senegal","tag-turquie"],"_links":{"self":[{"href":"https:\/\/sunuentreprise.sn\/index.php\/wp-json\/wp\/v2\/posts\/3752","targetHints":{"allow":["GET"]}}],"collection":[{"href":"https:\/\/sunuentreprise.sn\/index.php\/wp-json\/wp\/v2\/posts"}],"about":[{"href":"https:\/\/sunuentreprise.sn\/index.php\/wp-json\/wp\/v2\/types\/post"}],"author":[{"embeddable":true,"href":"https:\/\/sunuentreprise.sn\/index.php\/wp-json\/wp\/v2\/users\/1"}],"replies":[{"embeddable":true,"href":"https:\/\/sunuentreprise.sn\/index.php\/wp-json\/wp\/v2\/comments?post=3752"}],"version-history":[{"count":1,"href":"https:\/\/sunuentreprise.sn\/index.php\/wp-json\/wp\/v2\/posts\/3752\/revisions"}],"predecessor-version":[{"id":3756,"href":"https:\/\/sunuentreprise.sn\/index.php\/wp-json\/wp\/v2\/posts\/3752\/revisions\/3756"}],"wp:featuredmedia":[{"embeddable":true,"href":"https:\/\/sunuentreprise.sn\/index.php\/wp-json\/wp\/v2\/media\/3753"}],"wp:attachment":[{"href":"https:\/\/sunuentreprise.sn\/index.php\/wp-json\/wp\/v2\/media?parent=3752"}],"wp:term":[{"taxonomy":"category","embeddable":true,"href":"https:\/\/sunuentreprise.sn\/index.php\/wp-json\/wp\/v2\/categories?post=3752"},{"taxonomy":"post_tag","embeddable":true,"href":"https:\/\/sunuentreprise.sn\/index.php\/wp-json\/wp\/v2\/tags?post=3752"}],"curies":[{"name":"wp","href":"https:\/\/api.w.org\/{rel}","templated":true}]}}