{"id":3773,"date":"2025-01-30T14:28:35","date_gmt":"2025-01-30T13:28:35","guid":{"rendered":"https:\/\/sunuentreprise.sn\/?p=3773"},"modified":"2025-01-30T14:28:36","modified_gmt":"2025-01-30T13:28:36","slug":"osaka-2025-lasepex-et-la-ville-dizumi-en-collaboration-pour-une-participation-reussie-du-senegal","status":"publish","type":"post","link":"https:\/\/sunuentreprise.sn\/index.php\/2025\/01\/30\/osaka-2025-lasepex-et-la-ville-dizumi-en-collaboration-pour-une-participation-reussie-du-senegal\/","title":{"rendered":"Osaka 2025 : L\u2019ASEPEX et la ville d\u2019Izumi en collaboration pour une participation r\u00e9ussie du S\u00e9n\u00e9gal"},"content":{"rendered":"\n<p>En pr\u00e9lude \u00e0 la l\u2019Expo Osaka 2025 au Japon, le Directeur g\u00e9n\u00e9ral de l\u2019ASEPEX, M. Modou Mb\u00e9ne Gueye a re\u00e7u dans les locaux de l&rsquo;agence, M. Tsuji HIROMI, Maire de la ville d\u2019Izumi (Japon).<br>Cette initiative s\u2019inscrit dans le cadre du renforcement des relations de coop\u00e9ration entre la R\u00e9publique du S\u00e9n\u00e9gal et le Japon. Durant les six mois de cette exposition universelle, la ville d\u2019Izumi est d\u00e9sign\u00e9e comme ville h\u00f4te de la d\u00e9l\u00e9gation s\u00e9n\u00e9galaise.<\/p>\n\n\n\n<figure class=\"wp-block-image size-large\"><img loading=\"lazy\" decoding=\"async\" width=\"1024\" height=\"768\" src=\"https:\/\/sunuentreprise.sn\/wp-content\/uploads\/2025\/01\/2-6-1024x768.jpg\" alt=\"\" class=\"wp-image-3775\" srcset=\"https:\/\/sunuentreprise.sn\/wp-content\/uploads\/2025\/01\/2-6-1024x768.jpg 1024w, https:\/\/sunuentreprise.sn\/wp-content\/uploads\/2025\/01\/2-6-300x225.jpg 300w, https:\/\/sunuentreprise.sn\/wp-content\/uploads\/2025\/01\/2-6-768x576.jpg 768w, https:\/\/sunuentreprise.sn\/wp-content\/uploads\/2025\/01\/2-6-720x540.jpg 720w, https:\/\/sunuentreprise.sn\/wp-content\/uploads\/2025\/01\/2-6.jpg 1080w\" sizes=\"auto, (max-width: 1024px) 100vw, 1024px\" \/><\/figure>\n\n\n\n<p>Lors de cette rencontre, plusieurs axes de collaboration ont \u00e9t\u00e9 soulign\u00e9s pour assurer une participation r\u00e9ussie du S\u00e9n\u00e9gal, notamment des \u00e9changes et r\u00e9sidences pour artistes s\u00e9n\u00e9galais et japonais, de la \u2060Promotion du tourisme s\u00e9n\u00e9galais \u00e0 Osaka, du soutien logistique et infrastructurel et de la mise en place d\u2019une r\u00e9sidence \u201cS\u00e9n\u00e9gal-Japon\u201d pour des \u00e9changes culturels et artistiques durables.<\/p>\n\n\n\n<p>Cette initiative vise \u00e0 renforcer les liens entre nos deux nations et \u00e0 offrir une visibilit\u00e9 exceptionnelle du S\u00e9n\u00e9gal lors de cet \u00e9v\u00e9nement mondial.<\/p>\n\n\n\n<figure class=\"wp-block-image size-large\"><img loading=\"lazy\" decoding=\"async\" width=\"1024\" height=\"768\" src=\"https:\/\/sunuentreprise.sn\/wp-content\/uploads\/2025\/01\/3-4-1024x768.jpg\" alt=\"\" class=\"wp-image-3776\" srcset=\"https:\/\/sunuentreprise.sn\/wp-content\/uploads\/2025\/01\/3-4-1024x768.jpg 1024w, https:\/\/sunuentreprise.sn\/wp-content\/uploads\/2025\/01\/3-4-300x225.jpg 300w, https:\/\/sunuentreprise.sn\/wp-content\/uploads\/2025\/01\/3-4-768x576.jpg 768w, https:\/\/sunuentreprise.sn\/wp-content\/uploads\/2025\/01\/3-4-720x540.jpg 720w, https:\/\/sunuentreprise.sn\/wp-content\/uploads\/2025\/01\/3-4.jpg 1080w\" sizes=\"auto, (max-width: 1024px) 100vw, 1024px\" \/><\/figure>\n","protected":false},"excerpt":{"rendered":"<p>En pr\u00e9lude \u00e0 la l\u2019Expo Osaka 2025 au Japon,<\/p>\n","protected":false},"author":1,"featured_media":3774,"comment_status":"open","ping_status":"open","sticky":false,"template":"","format":"standard","meta":{"footnotes":""},"categories":[13,53],"tags":[212,298,567,593,11,594],"class_list":["post-3773","post","type-post","status-publish","format-standard","has-post-thumbnail","hentry","category-a-la-une","category-actualites","tag-asepex","tag-collaboration","tag-japon","tag-osaka-2025","tag-senegal","tag-ville-dizumi"],"_links":{"self":[{"href":"https:\/\/sunuentreprise.sn\/index.php\/wp-json\/wp\/v2\/posts\/3773","targetHints":{"allow":["GET"]}}],"collection":[{"href":"https:\/\/sunuentreprise.sn\/index.php\/wp-json\/wp\/v2\/posts"}],"about":[{"href":"https:\/\/sunuentreprise.sn\/index.php\/wp-json\/wp\/v2\/types\/post"}],"author":[{"embeddable":true,"href":"https:\/\/sunuentreprise.sn\/index.php\/wp-json\/wp\/v2\/users\/1"}],"replies":[{"embeddable":true,"href":"https:\/\/sunuentreprise.sn\/index.php\/wp-json\/wp\/v2\/comments?post=3773"}],"version-history":[{"count":1,"href":"https:\/\/sunuentreprise.sn\/index.php\/wp-json\/wp\/v2\/posts\/3773\/revisions"}],"predecessor-version":[{"id":3777,"href":"https:\/\/sunuentreprise.sn\/index.php\/wp-json\/wp\/v2\/posts\/3773\/revisions\/3777"}],"wp:featuredmedia":[{"embeddable":true,"href":"https:\/\/sunuentreprise.sn\/index.php\/wp-json\/wp\/v2\/media\/3774"}],"wp:attachment":[{"href":"https:\/\/sunuentreprise.sn\/index.php\/wp-json\/wp\/v2\/media?parent=3773"}],"wp:term":[{"taxonomy":"category","embeddable":true,"href":"https:\/\/sunuentreprise.sn\/index.php\/wp-json\/wp\/v2\/categories?post=3773"},{"taxonomy":"post_tag","embeddable":true,"href":"https:\/\/sunuentreprise.sn\/index.php\/wp-json\/wp\/v2\/tags?post=3773"}],"curies":[{"name":"wp","href":"https:\/\/api.w.org\/{rel}","templated":true}]}}