{"id":3778,"date":"2025-01-30T17:43:44","date_gmt":"2025-01-30T16:43:44","guid":{"rendered":"https:\/\/sunuentreprise.sn\/?p=3778"},"modified":"2025-01-30T17:43:44","modified_gmt":"2025-01-30T16:43:44","slug":"du-micro-au-metre-ruban-thierno-bocoum-tient-le-bon-fil","status":"publish","type":"post","link":"https:\/\/sunuentreprise.sn\/index.php\/2025\/01\/30\/du-micro-au-metre-ruban-thierno-bocoum-tient-le-bon-fil\/","title":{"rendered":"Du micro au m\u00e8tre ruban, Thierno Bocoum tient le bon fil"},"content":{"rendered":"\n<p>Dipl\u00f4m\u00e9 en journalisme et communication, Thierno Bocoum est journaliste-pr\u00e9sentateur et directeur des programmes dans une cha\u00eene de t\u00e9l\u00e9vision en ligne.<br>Apr\u00e8s trois ans dans la presse, il est devenu un acteur de la mode en cr\u00e9ant sa marque SANOU, l\u2019\u00e9l\u00e9gance pour tous. Sa passion pour la mode et son ambition de promouvoir l\u2019identit\u00e9 africaine l\u2019accompagnent dans son r\u00eave de devenir champion international.<\/p>\n\n\n\n<figure class=\"wp-block-image size-large\"><img loading=\"lazy\" decoding=\"async\" width=\"796\" height=\"1024\" src=\"https:\/\/sunuentreprise.sn\/wp-content\/uploads\/2025\/01\/13-2-796x1024.jpg\" alt=\"\" class=\"wp-image-3782\" srcset=\"https:\/\/sunuentreprise.sn\/wp-content\/uploads\/2025\/01\/13-2-796x1024.jpg 796w, https:\/\/sunuentreprise.sn\/wp-content\/uploads\/2025\/01\/13-2-233x300.jpg 233w, https:\/\/sunuentreprise.sn\/wp-content\/uploads\/2025\/01\/13-2-768x988.jpg 768w, https:\/\/sunuentreprise.sn\/wp-content\/uploads\/2025\/01\/13-2.jpg 995w\" sizes=\"auto, (max-width: 796px) 100vw, 796px\" \/><\/figure>\n\n\n\n<p><br>Dans un contexte o\u00f9 les demandes d\u2019emploi s\u2019accroissent d\u2019ann\u00e9e en ann\u00e9e, l\u2019entrepreneuriat se pr\u00e9sentant comme la premi\u00e8re alternative, Thierno se lance dans l\u2019aventure.<br>Il fait partie de ceux qui croit que l\u2019entreprenariat est la seule issue pour d\u00e9velopper le S\u00e9n\u00e9gal. Ambassadeur du Consommer Local, le natif de Thilogne aime valoriser sa culture peulh de par ses cr\u00e9ations.<\/p>\n\n\n\n<figure class=\"wp-block-image size-large\"><img loading=\"lazy\" decoding=\"async\" width=\"768\" height=\"1024\" src=\"https:\/\/sunuentreprise.sn\/wp-content\/uploads\/2025\/01\/12-3-768x1024.jpg\" alt=\"\" class=\"wp-image-3780\" srcset=\"https:\/\/sunuentreprise.sn\/wp-content\/uploads\/2025\/01\/12-3-768x1024.jpg 768w, https:\/\/sunuentreprise.sn\/wp-content\/uploads\/2025\/01\/12-3-225x300.jpg 225w, https:\/\/sunuentreprise.sn\/wp-content\/uploads\/2025\/01\/12-3-450x600.jpg 450w, https:\/\/sunuentreprise.sn\/wp-content\/uploads\/2025\/01\/12-3.jpg 960w\" sizes=\"auto, (max-width: 768px) 100vw, 768px\" \/><\/figure>\n\n\n\n<p><br>Charismatique et solidaire, Thierno au-del\u00e0 de sa g\u00e9n\u00e9rosit\u00e9 d\u00e9bordante, aime naturellement les d\u00e9fis. Sa passion pour l\u2019entrepreneuriat se confond \u00e0 sa vie \u00e0 l\u2019universit\u00e9. D\u00e8s sa premi\u00e8re ann\u00e9e, il a commenc\u00e9 \u00e0 entreprendre en lan\u00e7ant sa marque de v\u00eatement, \u00ab l\u2019enfant peulh \u00bb, alliant \u00e9tudes et affaires avec harmonie. Ensuite, il a mis en place son site internet, Nouvelle chaine s\u00e9n\u00e9galaise c&rsquo;est d&rsquo;ailleurs dans ce cadre qu&rsquo;il a eu \u00e0 int\u00e9grer la cellule de communication de beaucoup de personnalit\u00e9s politiques.<\/p>\n\n\n\n<p>En 2023, il d\u00e9cide de troquer son micro contre le m\u00e8tre ruban, charm\u00e9 par le feeling du costume africain. Il se reconvertit toujours dans l\u2019entreprenariat dans la cr\u00e9ation d\u2019une marque sp\u00e9cialis\u00e9e exclusivement dans tout ce qui est confection de costumes africains pour homme, femme et enfant.<br>La marque SANOU expose une kyrielle de paquets ; sp\u00e9cialis\u00e9e dans la finition \u00e0 la main alliant modernit\u00e9 et tradition, SANOU confectionne des robes, des tuniques pour les femmes en mettant l\u2019accent sur l\u2019aspect pudique. Les hommes quant a eux, ont droit \u00e0 des costumes sur mesure confectionn\u00e9s avec du fil \u00e0 fil, du Wax, du lin.<\/p>\n\n\n\n<figure class=\"wp-block-image size-large\"><img loading=\"lazy\" decoding=\"async\" width=\"768\" height=\"1024\" src=\"https:\/\/sunuentreprise.sn\/wp-content\/uploads\/2025\/01\/11-768x1024.jpg\" alt=\"\" class=\"wp-image-3781\" srcset=\"https:\/\/sunuentreprise.sn\/wp-content\/uploads\/2025\/01\/11-768x1024.jpg 768w, https:\/\/sunuentreprise.sn\/wp-content\/uploads\/2025\/01\/11-225x300.jpg 225w, https:\/\/sunuentreprise.sn\/wp-content\/uploads\/2025\/01\/11-450x600.jpg 450w, https:\/\/sunuentreprise.sn\/wp-content\/uploads\/2025\/01\/11.jpg 960w\" sizes=\"auto, (max-width: 768px) 100vw, 768px\" \/><\/figure>\n\n\n\n<p><br>Des robes de princesses aux petits costumes, tout refl\u00e8te l\u2019identit\u00e9 africaine dans les mod\u00e8les propos\u00e9s aux enfants. Ces cr\u00e9ations mettent en valeur une couture taill\u00e9e avec finition \u00e0 la main, compos\u00e9e souvent de deux pi\u00e8ces avec les m\u00eames techniques d\u2019un costume blazer avec des sp\u00e9cificit\u00e9s, garnitures, broderies, refl\u00e9tant l\u2019identit\u00e9 africaine.<\/p>\n","protected":false},"excerpt":{"rendered":"<p>Dipl\u00f4m\u00e9 en journalisme et communication, Thierno Bocoum est journaliste-pr\u00e9sentateur<\/p>\n","protected":false},"author":1,"featured_media":3779,"comment_status":"open","ping_status":"open","sticky":false,"template":"","format":"standard","meta":{"footnotes":""},"categories":[13,66],"tags":[548,133,596,597],"class_list":["post-3778","post","type-post","status-publish","format-standard","has-post-thumbnail","hentry","category-a-la-une","category-portrait-dentrepreneur","tag-costume-africain","tag-entrepreneuriat","tag-sanou-style","tag-thierno-bocoum"],"_links":{"self":[{"href":"https:\/\/sunuentreprise.sn\/index.php\/wp-json\/wp\/v2\/posts\/3778","targetHints":{"allow":["GET"]}}],"collection":[{"href":"https:\/\/sunuentreprise.sn\/index.php\/wp-json\/wp\/v2\/posts"}],"about":[{"href":"https:\/\/sunuentreprise.sn\/index.php\/wp-json\/wp\/v2\/types\/post"}],"author":[{"embeddable":true,"href":"https:\/\/sunuentreprise.sn\/index.php\/wp-json\/wp\/v2\/users\/1"}],"replies":[{"embeddable":true,"href":"https:\/\/sunuentreprise.sn\/index.php\/wp-json\/wp\/v2\/comments?post=3778"}],"version-history":[{"count":1,"href":"https:\/\/sunuentreprise.sn\/index.php\/wp-json\/wp\/v2\/posts\/3778\/revisions"}],"predecessor-version":[{"id":3783,"href":"https:\/\/sunuentreprise.sn\/index.php\/wp-json\/wp\/v2\/posts\/3778\/revisions\/3783"}],"wp:featuredmedia":[{"embeddable":true,"href":"https:\/\/sunuentreprise.sn\/index.php\/wp-json\/wp\/v2\/media\/3779"}],"wp:attachment":[{"href":"https:\/\/sunuentreprise.sn\/index.php\/wp-json\/wp\/v2\/media?parent=3778"}],"wp:term":[{"taxonomy":"category","embeddable":true,"href":"https:\/\/sunuentreprise.sn\/index.php\/wp-json\/wp\/v2\/categories?post=3778"},{"taxonomy":"post_tag","embeddable":true,"href":"https:\/\/sunuentreprise.sn\/index.php\/wp-json\/wp\/v2\/tags?post=3778"}],"curies":[{"name":"wp","href":"https:\/\/api.w.org\/{rel}","templated":true}]}}