{"id":3787,"date":"2025-01-31T20:30:16","date_gmt":"2025-01-31T19:30:16","guid":{"rendered":"https:\/\/sunuentreprise.sn\/?p=3787"},"modified":"2025-01-31T22:01:15","modified_gmt":"2025-01-31T21:01:15","slug":"lancement-officiel-de-lappel-a-projets-2025-un-catalyseur-pour-la-creation-demploi-et-linnovation","status":"publish","type":"post","link":"https:\/\/sunuentreprise.sn\/index.php\/2025\/01\/31\/lancement-officiel-de-lappel-a-projets-2025-un-catalyseur-pour-la-creation-demploi-et-linnovation\/","title":{"rendered":"Lancement officiel de l\u2019Appel \u00e0 Projets 2025 de l\u2019IFE : \u00ab Un catalyseur pour la cr\u00e9ation d\u2019emploi et l\u2019innovation \u00bb"},"content":{"rendered":"\n<p>Le Ministre de l&rsquo;Industrie et du Commerce, Dr. Serigne Gueye Diop, a lanc\u00e9, ce vendredi 31 janvier 2025, la sixi\u00e8me \u00e9dition de l&rsquo;appel \u00e0 projets de la Facilit\u00e9 Investissements pour l&#8217;emploi, un m\u00e9canisme de financement initi\u00e9 par la coop\u00e9ration allemande au S\u00e9n\u00e9gal.<br>L&rsquo;\u00e9v\u00e9nement s&rsquo;est d\u00e9roul\u00e9 en pr\u00e9sence de partenaires cl\u00e9s, dont l&rsquo;Ambassadeur de la R\u00e9publique F\u00e9d\u00e9rale d&rsquo;Allemagne, M. Siemon S\u00f6nke, ainsi que des repr\u00e9sentants de la Facilit\u00e9 Investissements pour l&rsquo;Emploi (IFE), du programme Invest for Jobs et de la GIZ.<\/p>\n\n\n\n<figure class=\"wp-block-image size-large\"><img loading=\"lazy\" decoding=\"async\" width=\"1024\" height=\"682\" src=\"https:\/\/sunuentreprise.sn\/wp-content\/uploads\/2025\/01\/23-1-1024x682.jpg\" alt=\"\" class=\"wp-image-3798\" srcset=\"https:\/\/sunuentreprise.sn\/wp-content\/uploads\/2025\/01\/23-1-1024x682.jpg 1024w, https:\/\/sunuentreprise.sn\/wp-content\/uploads\/2025\/01\/23-1-300x200.jpg 300w, https:\/\/sunuentreprise.sn\/wp-content\/uploads\/2025\/01\/23-1-768x512.jpg 768w, https:\/\/sunuentreprise.sn\/wp-content\/uploads\/2025\/01\/23-1-1536x1024.jpg 1536w, https:\/\/sunuentreprise.sn\/wp-content\/uploads\/2025\/01\/23-1-2048x1365.jpg 2048w\" sizes=\"auto, (max-width: 1024px) 100vw, 1024px\" \/><\/figure>\n\n\n\n<p><br>Cet appel \u00e0 projets s&rsquo;inscrit dans la vision du Pr\u00e9sident de la R\u00e9publique, Son Excellence M. Bassirou Diomaye Faye, et du Premier Ministre, M. Ousmane Sonko, qui ambitionnent de transformer l&rsquo;\u00e9conomie s\u00e9n\u00e9galaise et de cr\u00e9er des opportunit\u00e9s pour tous les citoyens. Vision qui repose sur quatre piliers essentiels : une \u00e9conomie comp\u00e9titive, un d\u00e9veloppement durable, un capital humain renforc\u00e9 et une gouvernance exemplaire.<br>Plac\u00e9 sous le th\u00e8me de la \u00ab\u00a0Cr\u00e9ation d&#8217;emplois et la protection sociale\u00a0\u00bb, cet appel \u00e0 projets s&rsquo;adresse \u00e0 toutes les structures du pays, qu&rsquo;elles soient issues du secteur public, priv\u00e9 ou de la soci\u00e9t\u00e9 civile. Il vise \u00e0 stimuler l&rsquo;innovation, la cr\u00e9ation d&#8217;emplois, en particulier pour les jeunes et les femmes, et le d\u00e9veloppement de fili\u00e8res strat\u00e9giques telles que l&rsquo;agro-industrie, les industries extractives, les services \u00e0 valeur ajout\u00e9e et les industries manufacturi\u00e8res.<\/p>\n\n\n\n<p><br><strong>Une nouveaut\u00e9 : un volet d\u00e9di\u00e9 \u00e0 la protection sociale<\/strong><\/p>\n\n\n\n<figure class=\"wp-block-image size-large\"><img loading=\"lazy\" decoding=\"async\" width=\"1024\" height=\"766\" src=\"https:\/\/sunuentreprise.sn\/wp-content\/uploads\/2025\/01\/21-2-1024x766.jpg\" alt=\"\" class=\"wp-image-3796\" srcset=\"https:\/\/sunuentreprise.sn\/wp-content\/uploads\/2025\/01\/21-2-1024x766.jpg 1024w, https:\/\/sunuentreprise.sn\/wp-content\/uploads\/2025\/01\/21-2-300x224.jpg 300w, https:\/\/sunuentreprise.sn\/wp-content\/uploads\/2025\/01\/21-2-768x575.jpg 768w, https:\/\/sunuentreprise.sn\/wp-content\/uploads\/2025\/01\/21-2-1536x1149.jpg 1536w, https:\/\/sunuentreprise.sn\/wp-content\/uploads\/2025\/01\/21-2-2048x1532.jpg 2048w, https:\/\/sunuentreprise.sn\/wp-content\/uploads\/2025\/01\/21-2-720x540.jpg 720w\" sizes=\"auto, (max-width: 1024px) 100vw, 1024px\" \/><\/figure>\n\n\n\n<p><br>Pour la premi\u00e8re fois, cet appel \u00e0 projets inclut un volet sp\u00e9cifique d\u00e9di\u00e9 \u00e0 la protection sociale. Cette initiative permettra aux entreprises et organisations de mettre en place des mesures compl\u00e9mentaires pour leurs employ\u00e9s et leurs familles, telles qu&rsquo;une s\u00e9curit\u00e9 sociale renforc\u00e9e, des investissements dans des infrastructures sociales ou encore des initiatives pour am\u00e9liorer l&rsquo;accessibilit\u00e9 des lieux de travail.<br>La r\u00e9ussite de cet appel \u00e0 projets repose sur la coop\u00e9ration \u00e9troite entre le S\u00e9n\u00e9gal et l&rsquo;Allemagne. Cette collaboration, illustr\u00e9e par des initiatives telles que Invest for Jobs, t\u00e9moigne de l&rsquo;impact positif des partenariats strat\u00e9giques. Les subventions de cofinancement, pouvant atteindre 10 millions d&rsquo;euros par projet, soutiendront le d\u00e9veloppement du tissu de PME s\u00e9n\u00e9galaises.<br>Le Ministre a lanc\u00e9 un appel \u00e0 tous les acteurs du pays pour qu&rsquo;ils saisissent cette opportunit\u00e9 unique et proposent des projets innovants, durables et porteurs de transformation. Il a assur\u00e9 que le minist\u00e8re de l&rsquo;Industrie et du Commerce s&rsquo;engage \u00e0 accompagner les initiatives retenues et \u00e0 garantir leur impact sur l&rsquo;\u00e9conomie nationale.<br>\u00a0\u00bb Cet appel \u00e0 projets, port\u00e9 par l&rsquo;IFE, repr\u00e9sente bien plus qu&rsquo;une initiative \u00e9conomique : c&rsquo;est un engagement collectif envers l&rsquo;avenir du S\u00e9n\u00e9gal\u00a0\u00bb a t-il lanc\u00e9 pour conclure.<\/p>\n\n\n\n<figure class=\"wp-block-image size-large\"><img loading=\"lazy\" decoding=\"async\" width=\"1012\" height=\"1024\" src=\"https:\/\/sunuentreprise.sn\/wp-content\/uploads\/2025\/01\/22-2-1012x1024.jpg\" alt=\"\" class=\"wp-image-3797\" srcset=\"https:\/\/sunuentreprise.sn\/wp-content\/uploads\/2025\/01\/22-2-1012x1024.jpg 1012w, https:\/\/sunuentreprise.sn\/wp-content\/uploads\/2025\/01\/22-2-296x300.jpg 296w, https:\/\/sunuentreprise.sn\/wp-content\/uploads\/2025\/01\/22-2-768x777.jpg 768w, https:\/\/sunuentreprise.sn\/wp-content\/uploads\/2025\/01\/22-2-1518x1536.jpg 1518w, https:\/\/sunuentreprise.sn\/wp-content\/uploads\/2025\/01\/22-2-2024x2048.jpg 2024w\" sizes=\"auto, (max-width: 1012px) 100vw, 1012px\" \/><\/figure>\n\n\n\n<p><br>L\u2019Ambassadeur de la R\u00e9publique F\u00e9d\u00e9rale d&rsquo;Allemagne, M. Siemon S\u00f6nke a pour sa part encourag\u00e9 la population \u00e0 r\u00e9pondre \u00e0 cet appel \u00ab car les entreprises s\u00e9lectionn\u00e9es re\u00e7oivent des subventions directes allant de 650.000 \u00e0 10 millions d\u2019euros ! Poursuivant son argumentaire, il ajoute que \u00ab pour la premi\u00e8re fois, les candidats auront la possibilit\u00e9 de solliciter une contribution financi\u00e8re suppl\u00e9mentaire en plus de la subvention principale \u00bb.<\/p>\n\n\n\n<p>A l\u2019en croire, ce programme vise \u00e0 mettre en place des dispositifs et mesures de protection sociale cofinanc\u00e9s par l&#8217;employeur. Ainsi, de pr\u00e9f\u00e9rence, les projets soumis combinent la cr\u00e9ation d\u2019emplois et des mesures de protection sociale, telles que : l&rsquo;acc\u00e8s des employ\u00e9s et leurs familles \u00e0 des prestations de protection sociale allant au-del\u00e0 des exigences minimales l\u00e9gales (par exemple, une assurance maladie suppl\u00e9mentaire, des r\u00e9gimes de retraite ou d&rsquo;autres mesures de protection sociale); a formalisation du statut des travailleurs en situation d\u2019emploi informel; la promotion de l\u2019emploi des femmes.<\/p>\n\n\n\n<p><\/p>\n\n\n\n<p><\/p>\n","protected":false},"excerpt":{"rendered":"<p>Le Ministre de l&rsquo;Industrie et du Commerce, Dr. Serigne<\/p>\n","protected":false},"author":1,"featured_media":3788,"comment_status":"open","ping_status":"open","sticky":false,"template":"","format":"standard","meta":{"footnotes":""},"categories":[13,53],"tags":[602,10,603,178,380,15,604],"class_list":["post-3787","post","type-post","status-publish","format-standard","has-post-thumbnail","hentry","category-a-la-une","category-actualites","tag-appel-a-projets-2025","tag-cooperation","tag-creation-demploi","tag-innovation","tag-lancement","tag-ministre-de-lindustrie-et-du-commerce","tag-senegalo-allemande"],"_links":{"self":[{"href":"https:\/\/sunuentreprise.sn\/index.php\/wp-json\/wp\/v2\/posts\/3787","targetHints":{"allow":["GET"]}}],"collection":[{"href":"https:\/\/sunuentreprise.sn\/index.php\/wp-json\/wp\/v2\/posts"}],"about":[{"href":"https:\/\/sunuentreprise.sn\/index.php\/wp-json\/wp\/v2\/types\/post"}],"author":[{"embeddable":true,"href":"https:\/\/sunuentreprise.sn\/index.php\/wp-json\/wp\/v2\/users\/1"}],"replies":[{"embeddable":true,"href":"https:\/\/sunuentreprise.sn\/index.php\/wp-json\/wp\/v2\/comments?post=3787"}],"version-history":[{"count":2,"href":"https:\/\/sunuentreprise.sn\/index.php\/wp-json\/wp\/v2\/posts\/3787\/revisions"}],"predecessor-version":[{"id":3799,"href":"https:\/\/sunuentreprise.sn\/index.php\/wp-json\/wp\/v2\/posts\/3787\/revisions\/3799"}],"wp:featuredmedia":[{"embeddable":true,"href":"https:\/\/sunuentreprise.sn\/index.php\/wp-json\/wp\/v2\/media\/3788"}],"wp:attachment":[{"href":"https:\/\/sunuentreprise.sn\/index.php\/wp-json\/wp\/v2\/media?parent=3787"}],"wp:term":[{"taxonomy":"category","embeddable":true,"href":"https:\/\/sunuentreprise.sn\/index.php\/wp-json\/wp\/v2\/categories?post=3787"},{"taxonomy":"post_tag","embeddable":true,"href":"https:\/\/sunuentreprise.sn\/index.php\/wp-json\/wp\/v2\/tags?post=3787"}],"curies":[{"name":"wp","href":"https:\/\/api.w.org\/{rel}","templated":true}]}}