{"id":3800,"date":"2025-02-04T15:27:52","date_gmt":"2025-02-04T14:27:52","guid":{"rendered":"https:\/\/sunuentreprise.sn\/?p=3800"},"modified":"2025-02-04T15:27:54","modified_gmt":"2025-02-04T14:27:54","slug":"magal-de-porokhane-2025-le-ministere-du-commerce-assure-un-approvisionnement-stable-et-des-prix-abordables","status":"publish","type":"post","link":"https:\/\/sunuentreprise.sn\/index.php\/2025\/02\/04\/magal-de-porokhane-2025-le-ministere-du-commerce-assure-un-approvisionnement-stable-et-des-prix-abordables\/","title":{"rendered":"Magal de Porokhane 2025 : Le minist\u00e8re du Commerce assure un approvisionnement stable et des prix abordables"},"content":{"rendered":"\n<p>\u00c0 l&rsquo;approche du Magal de Porokhane, pr\u00e9vu pour le 6 f\u00e9vrier 2025, les autorit\u00e9s s&rsquo;assurent de la stabilit\u00e9 des prix et de l&rsquo;approvisionnement suffisant des march\u00e9s en produits de consommation courante. Une visite de prospection a \u00e9t\u00e9 effectu\u00e9e pour garantir le bon d\u00e9roulement de l&rsquo;\u00e9v\u00e9nement.<\/p>\n\n\n\n<p>En pr\u00e9vision du Magal de Porokhane, \u00e9v\u00e9nement religieux et culturel important de la communaut\u00e9 mouride, une d\u00e9l\u00e9gation du Minist\u00e8re de l&rsquo;Industrie et du Commerce, conduite par le Secr\u00e9taire g\u00e9n\u00e9ral, s&rsquo;est rendue sur le march\u00e9 de Porokhane pour constater l&rsquo;\u00e9tat de l&rsquo;approvisionnement et des prix des produits de consommation courante. L&rsquo;objectif principal de cette visite \u00e9tait de s&rsquo;assurer que les march\u00e9s soient suffisamment approvisionn\u00e9s en denr\u00e9es de premi\u00e8re n\u00e9cessit\u00e9 \u00e0 des prix abordables, tout en luttant contre la r\u00e9tention de stocks et la sp\u00e9culation.<\/p>\n\n\n\n<figure class=\"wp-block-image size-large\"><img loading=\"lazy\" decoding=\"async\" width=\"1024\" height=\"683\" src=\"https:\/\/sunuentreprise.sn\/wp-content\/uploads\/2025\/02\/M1-1024x683.jpg\" alt=\"\" class=\"wp-image-3803\" srcset=\"https:\/\/sunuentreprise.sn\/wp-content\/uploads\/2025\/02\/M1-1024x683.jpg 1024w, https:\/\/sunuentreprise.sn\/wp-content\/uploads\/2025\/02\/M1-300x200.jpg 300w, https:\/\/sunuentreprise.sn\/wp-content\/uploads\/2025\/02\/M1-768x512.jpg 768w, https:\/\/sunuentreprise.sn\/wp-content\/uploads\/2025\/02\/M1.jpg 1440w\" sizes=\"auto, (max-width: 1024px) 100vw, 1024px\" \/><\/figure>\n\n\n\n<p><br>M. Makhtar Lakh, Secr\u00e9taire G\u00e9n\u00e9ral du Minist\u00e8re de l&rsquo;Industrie et du Commerce, s&rsquo;est d\u00e9clar\u00e9 satisfait de ce qu&rsquo;il a constat\u00e9 sur le terrain. \u00ab\u00a0Nous avons trouv\u00e9 un march\u00e9 suffisamment approvisionn\u00e9 en denr\u00e9es de premi\u00e8re n\u00e9cessit\u00e9\u00a0\u00bb, a-t-il d\u00e9clar\u00e9. Il a \u00e9galement soulign\u00e9 que les prix de nombreux produits, notamment le riz, \u00e9taient inf\u00e9rieurs aux prix homologu\u00e9s, ce qui est une excellente nouvelle pour les consommateurs.<br>Les autorit\u00e9s ont \u00e9galement salu\u00e9 la promotion du \u00ab\u00a0Consommer local\u00a0\u00bb, avec une pr\u00e9sence accrue des produits locaux sur le march\u00e9, tels que l&rsquo;oignon et la pomme de terre et surtout l&rsquo;huile locale, d\u00e9riv\u00e9e de la production d&rsquo;arachide.<br>Cette initiative permet de soutenir l&rsquo;\u00e9conomie locale et de garantir des produits frais et de qualit\u00e9 pour les consommateurs.<br>Le Minist\u00e8re de l&rsquo;Industrie et du Commerce reste mobilis\u00e9 pour assurer le bon d\u00e9roulement du Magal de Porokhane, en veillant \u00e0 ce que les prix restent stables et que les march\u00e9s soient suffisamment approvisionn\u00e9s pour r\u00e9pondre \u00e0 la demande.<\/p>\n\n\n\n<figure class=\"wp-block-image size-large\"><img loading=\"lazy\" decoding=\"async\" width=\"1024\" height=\"683\" src=\"https:\/\/sunuentreprise.sn\/wp-content\/uploads\/2025\/02\/M3-1024x683.jpg\" alt=\"\" class=\"wp-image-3804\" srcset=\"https:\/\/sunuentreprise.sn\/wp-content\/uploads\/2025\/02\/M3-1024x683.jpg 1024w, https:\/\/sunuentreprise.sn\/wp-content\/uploads\/2025\/02\/M3-300x200.jpg 300w, https:\/\/sunuentreprise.sn\/wp-content\/uploads\/2025\/02\/M3-768x512.jpg 768w, https:\/\/sunuentreprise.sn\/wp-content\/uploads\/2025\/02\/M3.jpg 1440w\" sizes=\"auto, (max-width: 1024px) 100vw, 1024px\" \/><\/figure>\n\n\n\n<p>Les pr\u00e9paratifs du Magal de Porokhane se d\u00e9roulent dans de bonnes conditions, avec un march\u00e9 bien approvisionn\u00e9 et des prix stables. Les autorit\u00e9s restent vigilantes pour garantir que cet \u00e9v\u00e9nement important se d\u00e9roule dans les meilleures conditions pour tous les p\u00e8lerins dans la cit\u00e9 de Mame Diarra, m\u00e8re du fondateur du Mouridisme, Cheikh Amadou Bamba Mbacke.<\/p>\n","protected":false},"excerpt":{"rendered":"<p>\u00c0 l&rsquo;approche du Magal de Porokhane, pr\u00e9vu pour le<\/p>\n","protected":false},"author":1,"featured_media":3801,"comment_status":"open","ping_status":"open","sticky":false,"template":"","format":"standard","meta":{"footnotes":""},"categories":[13,53],"tags":[541,605,606,52,607],"class_list":["post-3800","post","type-post","status-publish","format-standard","has-post-thumbnail","hentry","category-a-la-une","category-actualites","tag-541","tag-magal-de-porokhane","tag-magal-de-porokhane-2025-le-ministere-du-commerce-assure-un-approvisionnement-stable","tag-ministere-de-lindustrie-et-du-commerce","tag-prix-abordables"],"_links":{"self":[{"href":"https:\/\/sunuentreprise.sn\/index.php\/wp-json\/wp\/v2\/posts\/3800","targetHints":{"allow":["GET"]}}],"collection":[{"href":"https:\/\/sunuentreprise.sn\/index.php\/wp-json\/wp\/v2\/posts"}],"about":[{"href":"https:\/\/sunuentreprise.sn\/index.php\/wp-json\/wp\/v2\/types\/post"}],"author":[{"embeddable":true,"href":"https:\/\/sunuentreprise.sn\/index.php\/wp-json\/wp\/v2\/users\/1"}],"replies":[{"embeddable":true,"href":"https:\/\/sunuentreprise.sn\/index.php\/wp-json\/wp\/v2\/comments?post=3800"}],"version-history":[{"count":1,"href":"https:\/\/sunuentreprise.sn\/index.php\/wp-json\/wp\/v2\/posts\/3800\/revisions"}],"predecessor-version":[{"id":3805,"href":"https:\/\/sunuentreprise.sn\/index.php\/wp-json\/wp\/v2\/posts\/3800\/revisions\/3805"}],"wp:featuredmedia":[{"embeddable":true,"href":"https:\/\/sunuentreprise.sn\/index.php\/wp-json\/wp\/v2\/media\/3801"}],"wp:attachment":[{"href":"https:\/\/sunuentreprise.sn\/index.php\/wp-json\/wp\/v2\/media?parent=3800"}],"wp:term":[{"taxonomy":"category","embeddable":true,"href":"https:\/\/sunuentreprise.sn\/index.php\/wp-json\/wp\/v2\/categories?post=3800"},{"taxonomy":"post_tag","embeddable":true,"href":"https:\/\/sunuentreprise.sn\/index.php\/wp-json\/wp\/v2\/tags?post=3800"}],"curies":[{"name":"wp","href":"https:\/\/api.w.org\/{rel}","templated":true}]}}