{"id":3830,"date":"2025-02-08T14:04:41","date_gmt":"2025-02-08T13:04:41","guid":{"rendered":"https:\/\/sunuentreprise.sn\/?p=3830"},"modified":"2025-02-08T14:04:44","modified_gmt":"2025-02-08T13:04:44","slug":"9eme-fika-lasepex-mobilise-pour-osaka-2025","status":"publish","type":"post","link":"https:\/\/sunuentreprise.sn\/index.php\/2025\/02\/08\/9eme-fika-lasepex-mobilise-pour-osaka-2025\/","title":{"rendered":"9\u00e8me FIKA : L\u2019ASEPEX MOBILISE POUR OSAKA 2025"},"content":{"rendered":"\n<p>9\u00e8me FIKA : L\u2019ASEPEX MOBILISE POUR OSAKA 2025<\/p>\n\n\n\n<p>L&rsquo;Agence S\u00e9n\u00e9galaise de Promotion des Exportations (ASEPEX) a organis\u00e9 un forum ce vendredi 7 f\u00e9vrier, en marge de la 9\u00e8me \u00e9dition de la foire internationale de Kaolack. Ce forum, plac\u00e9 sous le th\u00e8me \u00e9vocateur \u00ab\u00a0Le S\u00e9n\u00e9gal \u00e0 l&rsquo;expo Osaka 2025 : le num\u00e9rique pour une participation r\u00e9ussie\u00a0\u00bb, a mis en lumi\u00e8re l&rsquo;importance strat\u00e9gique de cet \u00e9v\u00e9nement pour l&rsquo;\u00e9conomie s\u00e9n\u00e9galaise.<br>L&rsquo;\u00e9v\u00e9nement a r\u00e9uni plusieurs entreprises locales, avec une forte repr\u00e9sentation de femmes entrepreneures venues de toute la r\u00e9gion. Les participants ont tous manifest\u00e9 leur int\u00e9r\u00eat pour comprendre les enjeux de cette exposition universelle afin d&rsquo;explorer les opportunit\u00e9s qu&rsquo;elle repr\u00e9sente pour leurs activit\u00e9s.<br>M. Cheikh Sadibou Fall, responsable des foires et expositions internationales \u00e0 l&rsquo;ASEPEX, a anim\u00e9 le forum, offrant aux participants un \u00e9clairage pr\u00e9cis sur le d\u00e9roulement de l&rsquo;Expo Osaka 2025 et les modalit\u00e9s de participation pour les entreprises s\u00e9n\u00e9galaises.<br>M. Modou Mb\u00e8ne Gueye, Directeur G\u00e9n\u00e9ral de l&rsquo;ASEPEX, et M. Serigne Mboup, Pr\u00e9sident de la Chambre de Commerce de Kaolack, ont soulign\u00e9 l&rsquo;engagement de leurs institutions respectives dans la promotion des produits \u00ab\u00a0Made in S\u00e9n\u00e9gal\u00a0\u00bb. Ils ont insist\u00e9 sur le r\u00f4le essentiel des PME\/PMI dans cette dynamique et sur la n\u00e9cessit\u00e9 de les accompagner efficacement pour qu&rsquo;elles puissent tirer pleinement parti de cette vitrine internationale.<br>Au-del\u00e0 de l&rsquo;Expo Osaka 2025, l&rsquo;ASEPEX a \u00e9galement saisi cette occasion pour pr\u00e9senter sa nouvelle base de donn\u00e9es digitale. Mme Thioro Ba Sarr, responsable de la labellisation et de la professionnalisation \u00e0 l&rsquo;ASEPEX, a expliqu\u00e9 que cet outil innovant simplifiera consid\u00e9rablement les d\u00e9marches administratives pour les entreprises souhaitant s&rsquo;inscrire et b\u00e9n\u00e9ficier des services de l&rsquo;agence.<br>Ce forum de Kaolack t\u00e9moigne de l&rsquo;engagement du S\u00e9n\u00e9gal \u00e0 faire de sa participation \u00e0 l&rsquo;Expo Osaka 2025 un succ\u00e8s retentissant. En misant sur le num\u00e9rique et en offrant un accompagnement personnalis\u00e9 aux entreprises, l&rsquo;ASEPEX entend faire rayonner le savoir-faire s\u00e9n\u00e9galais sur la sc\u00e8ne internationale.<\/p>\n\n\n\n<figure class=\"wp-block-gallery has-nested-images columns-default is-cropped wp-block-gallery-1 is-layout-flex wp-block-gallery-is-layout-flex\">\n<figure class=\"wp-block-image size-large\"><img loading=\"lazy\" decoding=\"async\" width=\"768\" height=\"1024\" data-id=\"3832\" src=\"https:\/\/sunuentreprise.sn\/wp-content\/uploads\/2025\/02\/WhatsApp-Image-2025-02-08-at-12.25.18-2-768x1024.jpeg\" alt=\"\" class=\"wp-image-3832\" srcset=\"https:\/\/sunuentreprise.sn\/wp-content\/uploads\/2025\/02\/WhatsApp-Image-2025-02-08-at-12.25.18-2-768x1024.jpeg 768w, https:\/\/sunuentreprise.sn\/wp-content\/uploads\/2025\/02\/WhatsApp-Image-2025-02-08-at-12.25.18-2-225x300.jpeg 225w, https:\/\/sunuentreprise.sn\/wp-content\/uploads\/2025\/02\/WhatsApp-Image-2025-02-08-at-12.25.18-2-450x600.jpeg 450w, https:\/\/sunuentreprise.sn\/wp-content\/uploads\/2025\/02\/WhatsApp-Image-2025-02-08-at-12.25.18-2.jpeg 960w\" sizes=\"auto, (max-width: 768px) 100vw, 768px\" \/><\/figure>\n\n\n\n<figure class=\"wp-block-image size-large\"><img loading=\"lazy\" decoding=\"async\" width=\"768\" height=\"1024\" data-id=\"3833\" src=\"https:\/\/sunuentreprise.sn\/wp-content\/uploads\/2025\/02\/WhatsApp-Image-2025-02-08-at-12.25.18-1-768x1024.jpeg\" alt=\"\" class=\"wp-image-3833\" srcset=\"https:\/\/sunuentreprise.sn\/wp-content\/uploads\/2025\/02\/WhatsApp-Image-2025-02-08-at-12.25.18-1-768x1024.jpeg 768w, https:\/\/sunuentreprise.sn\/wp-content\/uploads\/2025\/02\/WhatsApp-Image-2025-02-08-at-12.25.18-1-225x300.jpeg 225w, https:\/\/sunuentreprise.sn\/wp-content\/uploads\/2025\/02\/WhatsApp-Image-2025-02-08-at-12.25.18-1-450x600.jpeg 450w, https:\/\/sunuentreprise.sn\/wp-content\/uploads\/2025\/02\/WhatsApp-Image-2025-02-08-at-12.25.18-1.jpeg 960w\" sizes=\"auto, (max-width: 768px) 100vw, 768px\" \/><\/figure>\n\n\n\n<figure class=\"wp-block-image size-large\"><img loading=\"lazy\" decoding=\"async\" width=\"768\" height=\"1024\" data-id=\"3834\" src=\"https:\/\/sunuentreprise.sn\/wp-content\/uploads\/2025\/02\/WhatsApp-Image-2025-02-08-at-12.25.18-3-768x1024.jpeg\" alt=\"\" class=\"wp-image-3834\" srcset=\"https:\/\/sunuentreprise.sn\/wp-content\/uploads\/2025\/02\/WhatsApp-Image-2025-02-08-at-12.25.18-3-768x1024.jpeg 768w, https:\/\/sunuentreprise.sn\/wp-content\/uploads\/2025\/02\/WhatsApp-Image-2025-02-08-at-12.25.18-3-225x300.jpeg 225w, https:\/\/sunuentreprise.sn\/wp-content\/uploads\/2025\/02\/WhatsApp-Image-2025-02-08-at-12.25.18-3-450x600.jpeg 450w, https:\/\/sunuentreprise.sn\/wp-content\/uploads\/2025\/02\/WhatsApp-Image-2025-02-08-at-12.25.18-3.jpeg 960w\" sizes=\"auto, (max-width: 768px) 100vw, 768px\" \/><\/figure>\n<\/figure>\n","protected":false},"excerpt":{"rendered":"<p>9\u00e8me FIKA : L\u2019ASEPEX MOBILISE POUR OSAKA 2025 L&rsquo;Agence<\/p>\n","protected":false},"author":1,"featured_media":3831,"comment_status":"open","ping_status":"open","sticky":false,"template":"","format":"standard","meta":{"footnotes":""},"categories":[13,4],"tags":[],"class_list":["post-3830","post","type-post","status-publish","format-standard","has-post-thumbnail","hentry","category-a-la-une","category-pme-pmi"],"_links":{"self":[{"href":"https:\/\/sunuentreprise.sn\/index.php\/wp-json\/wp\/v2\/posts\/3830","targetHints":{"allow":["GET"]}}],"collection":[{"href":"https:\/\/sunuentreprise.sn\/index.php\/wp-json\/wp\/v2\/posts"}],"about":[{"href":"https:\/\/sunuentreprise.sn\/index.php\/wp-json\/wp\/v2\/types\/post"}],"author":[{"embeddable":true,"href":"https:\/\/sunuentreprise.sn\/index.php\/wp-json\/wp\/v2\/users\/1"}],"replies":[{"embeddable":true,"href":"https:\/\/sunuentreprise.sn\/index.php\/wp-json\/wp\/v2\/comments?post=3830"}],"version-history":[{"count":1,"href":"https:\/\/sunuentreprise.sn\/index.php\/wp-json\/wp\/v2\/posts\/3830\/revisions"}],"predecessor-version":[{"id":3835,"href":"https:\/\/sunuentreprise.sn\/index.php\/wp-json\/wp\/v2\/posts\/3830\/revisions\/3835"}],"wp:featuredmedia":[{"embeddable":true,"href":"https:\/\/sunuentreprise.sn\/index.php\/wp-json\/wp\/v2\/media\/3831"}],"wp:attachment":[{"href":"https:\/\/sunuentreprise.sn\/index.php\/wp-json\/wp\/v2\/media?parent=3830"}],"wp:term":[{"taxonomy":"category","embeddable":true,"href":"https:\/\/sunuentreprise.sn\/index.php\/wp-json\/wp\/v2\/categories?post=3830"},{"taxonomy":"post_tag","embeddable":true,"href":"https:\/\/sunuentreprise.sn\/index.php\/wp-json\/wp\/v2\/tags?post=3830"}],"curies":[{"name":"wp","href":"https:\/\/api.w.org\/{rel}","templated":true}]}}