{"id":3849,"date":"2025-02-20T00:53:49","date_gmt":"2025-02-19T23:53:49","guid":{"rendered":"https:\/\/sunuentreprise.sn\/?p=3849"},"modified":"2025-02-20T00:53:49","modified_gmt":"2025-02-19T23:53:49","slug":"ceremonie-douverture-officielle-du-forum-de-la-pme","status":"publish","type":"post","link":"https:\/\/sunuentreprise.sn\/index.php\/2025\/02\/20\/ceremonie-douverture-officielle-du-forum-de-la-pme\/","title":{"rendered":"C\u00e9r\u00e9monie d&rsquo;ouverture officielle du Forum de la PME"},"content":{"rendered":"\n<p>La c\u00e9r\u00e9monie d&rsquo;ouverture officielle du Forum de la PME s&rsquo;est d\u00e9roul\u00e9e en pr\u00e9sence du Premier Ministre Ousmane Sonko et a rassembl\u00e9 un public diversifi\u00e9 de PME, de partenaires institutionnels, d&rsquo;experts et d&rsquo;acteurs \u00e9conomiques. Cette journ\u00e9e inaugurale a \u00e9t\u00e9 consacr\u00e9e aux \u00e9changes strat\u00e9giques et aux rencontres de haut niveau, dans le but de promouvoir le d\u00e9veloppement des PME au S\u00e9n\u00e9gal.<br>Le Premier Ministre et la d\u00e9l\u00e9gation gouvernementale ont \u00e9galement proc\u00e9d\u00e9 au vernissage de la Grande exposition MADE IN S\u00c9N\u00c9GAL.<\/p>\n\n\n\n<p>Retour en images sur les moments forts de cette premi\u00e8re journ\u00e9e.<\/p>\n\n\n\n<figure class=\"wp-block-gallery has-nested-images columns-default is-cropped wp-block-gallery-1 is-layout-flex wp-block-gallery-is-layout-flex\">\n<figure class=\"wp-block-image size-large\"><img loading=\"lazy\" decoding=\"async\" width=\"960\" height=\"640\" data-id=\"3853\" src=\"https:\/\/sunuentreprise.sn\/wp-content\/uploads\/2025\/02\/WhatsApp-Image-2025-02-19-at-23.48.54-1.jpeg\" alt=\"\" class=\"wp-image-3853\" srcset=\"https:\/\/sunuentreprise.sn\/wp-content\/uploads\/2025\/02\/WhatsApp-Image-2025-02-19-at-23.48.54-1.jpeg 960w, https:\/\/sunuentreprise.sn\/wp-content\/uploads\/2025\/02\/WhatsApp-Image-2025-02-19-at-23.48.54-1-300x200.jpeg 300w, https:\/\/sunuentreprise.sn\/wp-content\/uploads\/2025\/02\/WhatsApp-Image-2025-02-19-at-23.48.54-1-768x512.jpeg 768w\" sizes=\"auto, (max-width: 960px) 100vw, 960px\" \/><\/figure>\n\n\n\n<figure class=\"wp-block-image size-large\"><img loading=\"lazy\" decoding=\"async\" width=\"960\" height=\"640\" data-id=\"3851\" src=\"https:\/\/sunuentreprise.sn\/wp-content\/uploads\/2025\/02\/WhatsApp-Image-2025-02-19-at-23.48.55.jpeg\" alt=\"\" class=\"wp-image-3851\" srcset=\"https:\/\/sunuentreprise.sn\/wp-content\/uploads\/2025\/02\/WhatsApp-Image-2025-02-19-at-23.48.55.jpeg 960w, https:\/\/sunuentreprise.sn\/wp-content\/uploads\/2025\/02\/WhatsApp-Image-2025-02-19-at-23.48.55-300x200.jpeg 300w, https:\/\/sunuentreprise.sn\/wp-content\/uploads\/2025\/02\/WhatsApp-Image-2025-02-19-at-23.48.55-768x512.jpeg 768w\" sizes=\"auto, (max-width: 960px) 100vw, 960px\" \/><\/figure>\n\n\n\n<figure class=\"wp-block-image size-large\"><img loading=\"lazy\" decoding=\"async\" width=\"960\" height=\"640\" data-id=\"3852\" src=\"https:\/\/sunuentreprise.sn\/wp-content\/uploads\/2025\/02\/WhatsApp-Image-2025-02-19-at-23.48.56-1.jpeg\" alt=\"\" class=\"wp-image-3852\" srcset=\"https:\/\/sunuentreprise.sn\/wp-content\/uploads\/2025\/02\/WhatsApp-Image-2025-02-19-at-23.48.56-1.jpeg 960w, https:\/\/sunuentreprise.sn\/wp-content\/uploads\/2025\/02\/WhatsApp-Image-2025-02-19-at-23.48.56-1-300x200.jpeg 300w, https:\/\/sunuentreprise.sn\/wp-content\/uploads\/2025\/02\/WhatsApp-Image-2025-02-19-at-23.48.56-1-768x512.jpeg 768w\" sizes=\"auto, (max-width: 960px) 100vw, 960px\" \/><\/figure>\n\n\n\n<figure class=\"wp-block-image size-large\"><img loading=\"lazy\" decoding=\"async\" width=\"683\" height=\"1024\" data-id=\"3854\" src=\"https:\/\/sunuentreprise.sn\/wp-content\/uploads\/2025\/02\/WhatsApp-Image-2025-02-19-at-23.48.56-683x1024.jpeg\" alt=\"\" class=\"wp-image-3854\" srcset=\"https:\/\/sunuentreprise.sn\/wp-content\/uploads\/2025\/02\/WhatsApp-Image-2025-02-19-at-23.48.56-683x1024.jpeg 683w, https:\/\/sunuentreprise.sn\/wp-content\/uploads\/2025\/02\/WhatsApp-Image-2025-02-19-at-23.48.56-200x300.jpeg 200w, https:\/\/sunuentreprise.sn\/wp-content\/uploads\/2025\/02\/WhatsApp-Image-2025-02-19-at-23.48.56-768x1152.jpeg 768w, https:\/\/sunuentreprise.sn\/wp-content\/uploads\/2025\/02\/WhatsApp-Image-2025-02-19-at-23.48.56.jpeg 960w\" sizes=\"auto, (max-width: 683px) 100vw, 683px\" \/><\/figure>\n<\/figure>\n\n\n\n<h1 class=\"wp-block-heading\">ForumPME #pme-pmi #adepme #S\u00e9n\u00e9gal #Madeinsenegal<\/h1>\n","protected":false},"excerpt":{"rendered":"<p>La c\u00e9r\u00e9monie d&rsquo;ouverture officielle du Forum de la PME<\/p>\n","protected":false},"author":1,"featured_media":3850,"comment_status":"open","ping_status":"open","sticky":false,"template":"","format":"standard","meta":{"footnotes":""},"categories":[13,53,4],"tags":[],"class_list":["post-3849","post","type-post","status-publish","format-standard","has-post-thumbnail","hentry","category-a-la-une","category-actualites","category-pme-pmi"],"_links":{"self":[{"href":"https:\/\/sunuentreprise.sn\/index.php\/wp-json\/wp\/v2\/posts\/3849","targetHints":{"allow":["GET"]}}],"collection":[{"href":"https:\/\/sunuentreprise.sn\/index.php\/wp-json\/wp\/v2\/posts"}],"about":[{"href":"https:\/\/sunuentreprise.sn\/index.php\/wp-json\/wp\/v2\/types\/post"}],"author":[{"embeddable":true,"href":"https:\/\/sunuentreprise.sn\/index.php\/wp-json\/wp\/v2\/users\/1"}],"replies":[{"embeddable":true,"href":"https:\/\/sunuentreprise.sn\/index.php\/wp-json\/wp\/v2\/comments?post=3849"}],"version-history":[{"count":1,"href":"https:\/\/sunuentreprise.sn\/index.php\/wp-json\/wp\/v2\/posts\/3849\/revisions"}],"predecessor-version":[{"id":3855,"href":"https:\/\/sunuentreprise.sn\/index.php\/wp-json\/wp\/v2\/posts\/3849\/revisions\/3855"}],"wp:featuredmedia":[{"embeddable":true,"href":"https:\/\/sunuentreprise.sn\/index.php\/wp-json\/wp\/v2\/media\/3850"}],"wp:attachment":[{"href":"https:\/\/sunuentreprise.sn\/index.php\/wp-json\/wp\/v2\/media?parent=3849"}],"wp:term":[{"taxonomy":"category","embeddable":true,"href":"https:\/\/sunuentreprise.sn\/index.php\/wp-json\/wp\/v2\/categories?post=3849"},{"taxonomy":"post_tag","embeddable":true,"href":"https:\/\/sunuentreprise.sn\/index.php\/wp-json\/wp\/v2\/tags?post=3849"}],"curies":[{"name":"wp","href":"https:\/\/api.w.org\/{rel}","templated":true}]}}