{"id":3856,"date":"2025-02-21T21:02:33","date_gmt":"2025-02-21T20:02:33","guid":{"rendered":"https:\/\/sunuentreprise.sn\/?p=3856"},"modified":"2025-02-21T21:02:34","modified_gmt":"2025-02-21T20:02:34","slug":"4e-forum-de-la-pme-le-gouvernement-senegalais-determine-a-booster-le-developpement-des-pme","status":"publish","type":"post","link":"https:\/\/sunuentreprise.sn\/index.php\/2025\/02\/21\/4e-forum-de-la-pme-le-gouvernement-senegalais-determine-a-booster-le-developpement-des-pme\/","title":{"rendered":"4e Forum de la PME : Le gouvernement s\u00e9n\u00e9galais d\u00e9termin\u00e9 \u00e0 booster le d\u00e9veloppement des PME"},"content":{"rendered":"\n<p>4e Forum de la PME : Le gouvernement s\u00e9n\u00e9galais d\u00e9termin\u00e9 \u00e0 booster le d\u00e9veloppement des PME<\/p>\n\n\n\n<p>La 4\u00e8me \u00e9dition du Forum de la PME, organis\u00e9e par l&rsquo;Agence de D\u00e9veloppement et d&rsquo;Encadrement des Petites et Moyennes Entreprises (ADEPME), s&rsquo;est achev\u00e9e ce jeudi 20 f\u00e9vrier 2025, avec un \u00ab\u00a0NDADJE PME\u00a0\u00bb . Cette rencontre a r\u00e9uni le Ministre de l&rsquo;Industrie et du Commerce, Dr. Serigne Gueye Diop, le Secr\u00e9taire d&rsquo;\u00c9tat au d\u00e9veloppement des PME-PMI, Ibrahima Thiam et les dirigeants de PME, offrant un espace d&rsquo;\u00e9changes et de discussions autour des d\u00e9fis et des opportunit\u00e9s du secteur.<br>Un appel \u00e0 une r\u00e9forme profonde de la fiscalit\u00e9 et du financement des PME<\/p>\n\n\n\n<p>Au cours des \u00e9changes, le ministre de l\u2019industrie et du Commerce a soulign\u00e9 l&rsquo;importance d&rsquo;accorder une place de choix aux PME dans la commande publique. Il a \u00e9galement mis en lumi\u00e8re la n\u00e9cessit\u00e9 de renforcer les structures de financement les plus performantes, en les rendant plus accessibles dans les r\u00e9gions de Tambacounda, Ziguinchor, K\u00e9dougou et Matam. \u00ab\u00a0Il est inconcevable que des PME situ\u00e9es \u00e0 400 ou 500 km de Dakar doivent se d\u00e9placer pour obtenir des financements\u00a0\u00bb, a d\u00e9clar\u00e9 Dr. Diop. \u00ab\u00a0Si nous voulons d\u00e9velopper les r\u00e9gions, nous devons leur accorder des financements l\u00e0 o\u00f9 elles se trouvent.\u00a0\u00bb<br>Le ministre a plaid\u00e9 pour une r\u00e9forme profonde de la fiscalit\u00e9 des PME, soulignant que l&rsquo;imp\u00f4t sur le revenu actuel de 3% est un frein \u00e0 leur d\u00e9veloppement. \u00ab\u00a0Comment une PME qui a du mal \u00e0 joindre les deux bouts peut-elle supporter un imp\u00f4t de 3% sur ses revenus ?\u00a0\u00bb, s&rsquo;est-il interrog\u00e9. \u00ab\u00a0Il est imp\u00e9ratif d&rsquo;adopter une politique fiscale sp\u00e9ciale pour les PME.\u00a0\u00bb<br>Le ministre a ainsi annonc\u00e9 que le gouvernement travaillera sur deux axes principaux dans les mois \u00e0 venir : le financement et la fiscalit\u00e9. Il a appel\u00e9 les banques \u00e0 proposer des taux d&rsquo;int\u00e9r\u00eat plus abordables pour les PME, reconnaissant que les taux actuels de 8%, 10% et 11% sont prohibitifs pour les jeunes entreprises. Il a \u00e9galement soulign\u00e9 la n\u00e9cessit\u00e9 de d\u00e9velopper les subventions pour les PME, citant l&rsquo;exemple de pays d\u00e9velopp\u00e9s o\u00f9 les PME sont largement subventionn\u00e9es. \u00ab\u00a0Toutes les PME des grands pays sont subventionn\u00e9es\u00a0\u00bb, a-t-il affirm\u00e9. \u00ab\u00a0Cela signifie qu&rsquo;\u00e0 un certain moment, elles b\u00e9n\u00e9ficient d&rsquo;un financement gratuit, sans dette, ce qui leur permet de passer \u00e0 l&rsquo;\u00e9chelle.\u00a0\u00bb<br>Serigne Gueye Diop a par ailleurs insist\u00e9 sur l&rsquo;importance de la digitalisation et de la num\u00e9risation pour faciliter les activit\u00e9s des PME et r\u00e9duire leurs charges. Il a \u00e9galement mis en avant la n\u00e9cessit\u00e9 de soutenir l&rsquo;innovation et la facilitation des brevets pour les PME.<\/p>\n\n\n\n<p>La commande publique : un levier pour le d\u00e9veloppement des PME<\/p>\n\n\n\n<p>L\u2019ancien maire de Sandiara a egalement annonc\u00e9 que le gouvernement s&rsquo;engage \u00e0 ouvrir une part importante de la commande publique aux PME. \u00ab\u00a0Nous devons accorder une part importante de la commande publique \u00e0 nos PME pour favoriser leur d\u00e9veloppement\u00a0\u00bb, a-t-il d\u00e9clar\u00e9.<br>Les \u00e9changes lors de ce face \u00e0 face avec ont notamment permis de souligner les d\u00e9fis des PME relatifs \u00e0 l\u2019emballage et \u00e0 l\u2019offre de services tr\u00e8s souvent inadapt\u00e9e. A ce propos, Mme Marie Rose Faye, directrice g\u00e9n\u00e9rale de l&rsquo;ADEPME, a soulign\u00e9 que seulement 8% des financements reviennent aux PME. Elle a \u00e9galement mis en \u00e9vidence les probl\u00e8mes d&#8217;emballage et d&rsquo;offre de services auxquels sont confront\u00e9es les PME.<\/p>\n\n\n\n<figure class=\"wp-block-gallery has-nested-images columns-default is-cropped wp-block-gallery-1 is-layout-flex wp-block-gallery-is-layout-flex\">\n<figure class=\"wp-block-image size-large\"><img loading=\"lazy\" decoding=\"async\" width=\"960\" height=\"640\" data-id=\"3857\" src=\"https:\/\/sunuentreprise.sn\/wp-content\/uploads\/2025\/02\/WhatsApp-Image-2025-02-21-at-19.49.11.jpeg\" alt=\"\" class=\"wp-image-3857\" srcset=\"https:\/\/sunuentreprise.sn\/wp-content\/uploads\/2025\/02\/WhatsApp-Image-2025-02-21-at-19.49.11.jpeg 960w, https:\/\/sunuentreprise.sn\/wp-content\/uploads\/2025\/02\/WhatsApp-Image-2025-02-21-at-19.49.11-300x200.jpeg 300w, https:\/\/sunuentreprise.sn\/wp-content\/uploads\/2025\/02\/WhatsApp-Image-2025-02-21-at-19.49.11-768x512.jpeg 768w\" sizes=\"auto, (max-width: 960px) 100vw, 960px\" \/><\/figure>\n\n\n\n<figure class=\"wp-block-image size-large\"><img loading=\"lazy\" decoding=\"async\" width=\"960\" height=\"640\" data-id=\"3858\" src=\"https:\/\/sunuentreprise.sn\/wp-content\/uploads\/2025\/02\/WhatsApp-Image-2025-02-21-at-19.25.57-2.jpeg\" alt=\"\" class=\"wp-image-3858\" srcset=\"https:\/\/sunuentreprise.sn\/wp-content\/uploads\/2025\/02\/WhatsApp-Image-2025-02-21-at-19.25.57-2.jpeg 960w, https:\/\/sunuentreprise.sn\/wp-content\/uploads\/2025\/02\/WhatsApp-Image-2025-02-21-at-19.25.57-2-300x200.jpeg 300w, https:\/\/sunuentreprise.sn\/wp-content\/uploads\/2025\/02\/WhatsApp-Image-2025-02-21-at-19.25.57-2-768x512.jpeg 768w\" sizes=\"auto, (max-width: 960px) 100vw, 960px\" \/><\/figure>\n\n\n\n<figure class=\"wp-block-image size-large\"><img loading=\"lazy\" decoding=\"async\" width=\"960\" height=\"640\" data-id=\"3859\" src=\"https:\/\/sunuentreprise.sn\/wp-content\/uploads\/2025\/02\/WhatsApp-Image-2025-02-21-at-19.25.57-1.jpeg\" alt=\"\" class=\"wp-image-3859\" srcset=\"https:\/\/sunuentreprise.sn\/wp-content\/uploads\/2025\/02\/WhatsApp-Image-2025-02-21-at-19.25.57-1.jpeg 960w, https:\/\/sunuentreprise.sn\/wp-content\/uploads\/2025\/02\/WhatsApp-Image-2025-02-21-at-19.25.57-1-300x200.jpeg 300w, https:\/\/sunuentreprise.sn\/wp-content\/uploads\/2025\/02\/WhatsApp-Image-2025-02-21-at-19.25.57-1-768x512.jpeg 768w\" sizes=\"auto, (max-width: 960px) 100vw, 960px\" \/><\/figure>\n\n\n\n<figure class=\"wp-block-image size-large\"><img loading=\"lazy\" decoding=\"async\" width=\"960\" height=\"640\" data-id=\"3860\" src=\"https:\/\/sunuentreprise.sn\/wp-content\/uploads\/2025\/02\/WhatsApp-Image-2025-02-21-at-19.25.57.jpeg\" alt=\"\" class=\"wp-image-3860\" srcset=\"https:\/\/sunuentreprise.sn\/wp-content\/uploads\/2025\/02\/WhatsApp-Image-2025-02-21-at-19.25.57.jpeg 960w, https:\/\/sunuentreprise.sn\/wp-content\/uploads\/2025\/02\/WhatsApp-Image-2025-02-21-at-19.25.57-300x200.jpeg 300w, https:\/\/sunuentreprise.sn\/wp-content\/uploads\/2025\/02\/WhatsApp-Image-2025-02-21-at-19.25.57-768x512.jpeg 768w\" sizes=\"auto, (max-width: 960px) 100vw, 960px\" \/><\/figure>\n<\/figure>\n","protected":false},"excerpt":{"rendered":"<p>4e Forum de la PME : Le gouvernement s\u00e9n\u00e9galais<\/p>\n","protected":false},"author":1,"featured_media":3859,"comment_status":"open","ping_status":"open","sticky":false,"template":"","format":"standard","meta":{"footnotes":""},"categories":[13,53,4],"tags":[144,32,11],"class_list":["post-3856","post","type-post","status-publish","format-standard","has-post-thumbnail","hentry","category-a-la-une","category-actualites","category-pme-pmi","tag-adepme","tag-pme","tag-senegal"],"_links":{"self":[{"href":"https:\/\/sunuentreprise.sn\/index.php\/wp-json\/wp\/v2\/posts\/3856","targetHints":{"allow":["GET"]}}],"collection":[{"href":"https:\/\/sunuentreprise.sn\/index.php\/wp-json\/wp\/v2\/posts"}],"about":[{"href":"https:\/\/sunuentreprise.sn\/index.php\/wp-json\/wp\/v2\/types\/post"}],"author":[{"embeddable":true,"href":"https:\/\/sunuentreprise.sn\/index.php\/wp-json\/wp\/v2\/users\/1"}],"replies":[{"embeddable":true,"href":"https:\/\/sunuentreprise.sn\/index.php\/wp-json\/wp\/v2\/comments?post=3856"}],"version-history":[{"count":1,"href":"https:\/\/sunuentreprise.sn\/index.php\/wp-json\/wp\/v2\/posts\/3856\/revisions"}],"predecessor-version":[{"id":3861,"href":"https:\/\/sunuentreprise.sn\/index.php\/wp-json\/wp\/v2\/posts\/3856\/revisions\/3861"}],"wp:featuredmedia":[{"embeddable":true,"href":"https:\/\/sunuentreprise.sn\/index.php\/wp-json\/wp\/v2\/media\/3859"}],"wp:attachment":[{"href":"https:\/\/sunuentreprise.sn\/index.php\/wp-json\/wp\/v2\/media?parent=3856"}],"wp:term":[{"taxonomy":"category","embeddable":true,"href":"https:\/\/sunuentreprise.sn\/index.php\/wp-json\/wp\/v2\/categories?post=3856"},{"taxonomy":"post_tag","embeddable":true,"href":"https:\/\/sunuentreprise.sn\/index.php\/wp-json\/wp\/v2\/tags?post=3856"}],"curies":[{"name":"wp","href":"https:\/\/api.w.org\/{rel}","templated":true}]}}