{"id":3862,"date":"2025-02-22T17:08:04","date_gmt":"2025-02-22T16:08:04","guid":{"rendered":"https:\/\/sunuentreprise.sn\/?p=3862"},"modified":"2025-02-22T17:08:05","modified_gmt":"2025-02-22T16:08:05","slug":"financement-aux-pme-la-der-fj-inaugure-lantenne-departementale-de-koumpentoum","status":"publish","type":"post","link":"https:\/\/sunuentreprise.sn\/index.php\/2025\/02\/22\/financement-aux-pme-la-der-fj-inaugure-lantenne-departementale-de-koumpentoum\/","title":{"rendered":"Financement aux PME : la DER FJ inaugure l\u2019antenne d\u00e9partementale de Koumpentoum"},"content":{"rendered":"\n<p>Financement aux PME : la DER FJ inaugure l\u2019antenne d\u00e9partementale de Koumpentoum<\/p>\n\n\n\n<p>La D\u00e9l\u00e9gation G\u00e9n\u00e9rale \u00e0 l&rsquo;Entrepreneuriat Rapide des Femmes et des Jeunes (DER\/FJ) vient de franchir une \u00e9tape importante dans sa mission d&rsquo;inclusion socio-\u00e9conomique en inaugurant, ce jeudi 20 f\u00e9vrier, son antenne d\u00e9partementale \u00e0 Koumpentoum. La c\u00e9r\u00e9monie s&rsquo;est d\u00e9roul\u00e9e en pr\u00e9sence de personnalit\u00e9s locales, dont la Pr\u00e9f\u00e8te, Mme Safietou Jos\u00e9phine Dieng, le Pr\u00e9sident du Conseil D\u00e9partemental, M. Omar Sy, ainsi que des \u00e9quipes de la DER\/FJ.<\/p>\n\n\n\n<p>L\u2019ouverture de cette antenne d\u00e9partementale vise \u00e0 offrir un service de proximit\u00e9 pour dynamiser l&rsquo;\u00e9conomie locale. Port\u00e9e par la DER\/FJ, l\u2019initiative t\u00e9moigne de l&rsquo;engagement de l&rsquo;organisation \u00e0 offrir un service de proximit\u00e9 et de qualit\u00e9 \u00e0 travers tout le territoire national. Les antennes d\u00e9partementales de la DER\/FJ sont con\u00e7ues comme des outils de d\u00e9veloppement local, offrant une gamme de services pour soutenir les initiatives entrepreneuriales et dynamiser l&rsquo;\u00e9conomie des r\u00e9gions.<br>L&rsquo;antenne de Koumpentoum met \u00e0 la disposition des entrepreneurs et des porteurs de projets une vari\u00e9t\u00e9 de services essentiels, regroup\u00e9s en guichets sp\u00e9cialis\u00e9s en Formalisation des entreprises , offrant un accompagnement pour faciliter la cr\u00e9ation et l&rsquo;enregistrement des entreprises en vue de r\u00e9duire les obstacles administratifs.<br>Le deuxi\u00e8me Guichet d\u00e9di\u00e9 \u00e0 la Formation et \u00e0 l\u2019Assistance technique contribuera \u00e0 la mise en place de sessions de formations avec un soutien technique pour renforcer les comp\u00e9tences des entrepreneurs et am\u00e9liorer la gestion de leurs entreprises.<br>L\u2019acc\u00e8s au financement a \u00e9galement \u00e9t\u00e9 pris en compte pour faciliter des solutions de financement adapt\u00e9es aux besoins des entrepreneurs, favorisant ainsi la croissance de leurs activit\u00e9s.<br>Un espace de formation \u00e9quip\u00e9 de mat\u00e9riel moderne pour encourager l&rsquo;innovation et la cr\u00e9ativit\u00e9 des jeunes entrepreneurs a aussi \u00e9t\u00e9 am\u00e9nag\u00e9.<br>L&rsquo;inauguration de l&rsquo;antenne de Koumpentoum s&rsquo;inscrit dans la strat\u00e9gie de la DER\/FJ de promouvoir l&rsquo;entrepreneuriat comme levier de d\u00e9veloppement \u00e9conomique et social, en particulier pour les femmes et les jeunes. En offrant un accompagnement personnalis\u00e9 et des services de proximit\u00e9, la DER\/FJ contribue \u00e0 cr\u00e9er un environnement favorable \u00e0 l&rsquo;\u00e9mergence d&rsquo;une nouvelle g\u00e9n\u00e9ration d&rsquo;entrepreneurs et \u00e0 la cr\u00e9ation d&#8217;emplois durables.<br>L&rsquo;ouverture de l&rsquo;antenne d\u00e9partementale de Koumpentoum repr\u00e9sente une avanc\u00e9e significative dans la promotion de l&rsquo;entrepreneuriat et l&rsquo;inclusion socio-\u00e9conomique dans la r\u00e9gion. La DER\/FJ r\u00e9affirme son engagement \u00e0 soutenir les initiatives locales et \u00e0 accompagner les entrepreneurs dans la r\u00e9alisation de leurs projets, contribuant ainsi au d\u00e9veloppement \u00e9conomique et social du S\u00e9n\u00e9gal.<\/p>\n\n\n\n<figure class=\"wp-block-gallery has-nested-images columns-default is-cropped wp-block-gallery-1 is-layout-flex wp-block-gallery-is-layout-flex\">\n<figure class=\"wp-block-image size-large\"><img loading=\"lazy\" decoding=\"async\" width=\"1024\" height=\"1024\" data-id=\"3864\" src=\"https:\/\/sunuentreprise.sn\/wp-content\/uploads\/2025\/02\/WhatsApp-Image-2025-02-22-at-15.52.49-1-1024x1024.jpeg\" alt=\"\" class=\"wp-image-3864\" srcset=\"https:\/\/sunuentreprise.sn\/wp-content\/uploads\/2025\/02\/WhatsApp-Image-2025-02-22-at-15.52.49-1-1024x1024.jpeg 1024w, https:\/\/sunuentreprise.sn\/wp-content\/uploads\/2025\/02\/WhatsApp-Image-2025-02-22-at-15.52.49-1-300x300.jpeg 300w, https:\/\/sunuentreprise.sn\/wp-content\/uploads\/2025\/02\/WhatsApp-Image-2025-02-22-at-15.52.49-1-150x150.jpeg 150w, https:\/\/sunuentreprise.sn\/wp-content\/uploads\/2025\/02\/WhatsApp-Image-2025-02-22-at-15.52.49-1-768x768.jpeg 768w, https:\/\/sunuentreprise.sn\/wp-content\/uploads\/2025\/02\/WhatsApp-Image-2025-02-22-at-15.52.49-1.jpeg 1080w\" sizes=\"auto, (max-width: 1024px) 100vw, 1024px\" \/><\/figure>\n\n\n\n<figure class=\"wp-block-image size-large\"><img loading=\"lazy\" decoding=\"async\" width=\"1024\" height=\"1024\" data-id=\"3865\" src=\"https:\/\/sunuentreprise.sn\/wp-content\/uploads\/2025\/02\/WhatsApp-Image-2025-02-22-at-15.52.49-2-1024x1024.jpeg\" alt=\"\" class=\"wp-image-3865\" srcset=\"https:\/\/sunuentreprise.sn\/wp-content\/uploads\/2025\/02\/WhatsApp-Image-2025-02-22-at-15.52.49-2-1024x1024.jpeg 1024w, https:\/\/sunuentreprise.sn\/wp-content\/uploads\/2025\/02\/WhatsApp-Image-2025-02-22-at-15.52.49-2-300x300.jpeg 300w, https:\/\/sunuentreprise.sn\/wp-content\/uploads\/2025\/02\/WhatsApp-Image-2025-02-22-at-15.52.49-2-150x150.jpeg 150w, https:\/\/sunuentreprise.sn\/wp-content\/uploads\/2025\/02\/WhatsApp-Image-2025-02-22-at-15.52.49-2-768x768.jpeg 768w, https:\/\/sunuentreprise.sn\/wp-content\/uploads\/2025\/02\/WhatsApp-Image-2025-02-22-at-15.52.49-2.jpeg 1080w\" sizes=\"auto, (max-width: 1024px) 100vw, 1024px\" \/><\/figure>\n<\/figure>\n","protected":false},"excerpt":{"rendered":"<p>Financement aux PME : la DER FJ inaugure l\u2019antenne<\/p>\n","protected":false},"author":1,"featured_media":3863,"comment_status":"open","ping_status":"open","sticky":false,"template":"","format":"standard","meta":{"footnotes":""},"categories":[13,4],"tags":[137,133,74,11],"class_list":["post-3862","post","type-post","status-publish","format-standard","has-post-thumbnail","hentry","category-a-la-une","category-pme-pmi","tag-der-fj","tag-entrepreneuriat","tag-financement","tag-senegal"],"_links":{"self":[{"href":"https:\/\/sunuentreprise.sn\/index.php\/wp-json\/wp\/v2\/posts\/3862","targetHints":{"allow":["GET"]}}],"collection":[{"href":"https:\/\/sunuentreprise.sn\/index.php\/wp-json\/wp\/v2\/posts"}],"about":[{"href":"https:\/\/sunuentreprise.sn\/index.php\/wp-json\/wp\/v2\/types\/post"}],"author":[{"embeddable":true,"href":"https:\/\/sunuentreprise.sn\/index.php\/wp-json\/wp\/v2\/users\/1"}],"replies":[{"embeddable":true,"href":"https:\/\/sunuentreprise.sn\/index.php\/wp-json\/wp\/v2\/comments?post=3862"}],"version-history":[{"count":1,"href":"https:\/\/sunuentreprise.sn\/index.php\/wp-json\/wp\/v2\/posts\/3862\/revisions"}],"predecessor-version":[{"id":3866,"href":"https:\/\/sunuentreprise.sn\/index.php\/wp-json\/wp\/v2\/posts\/3862\/revisions\/3866"}],"wp:featuredmedia":[{"embeddable":true,"href":"https:\/\/sunuentreprise.sn\/index.php\/wp-json\/wp\/v2\/media\/3863"}],"wp:attachment":[{"href":"https:\/\/sunuentreprise.sn\/index.php\/wp-json\/wp\/v2\/media?parent=3862"}],"wp:term":[{"taxonomy":"category","embeddable":true,"href":"https:\/\/sunuentreprise.sn\/index.php\/wp-json\/wp\/v2\/categories?post=3862"},{"taxonomy":"post_tag","embeddable":true,"href":"https:\/\/sunuentreprise.sn\/index.php\/wp-json\/wp\/v2\/tags?post=3862"}],"curies":[{"name":"wp","href":"https:\/\/api.w.org\/{rel}","templated":true}]}}