{"id":3915,"date":"2025-03-04T22:07:00","date_gmt":"2025-03-04T22:07:00","guid":{"rendered":"https:\/\/sunuentreprise.sn\/?p=3915"},"modified":"2025-03-04T22:07:00","modified_gmt":"2025-03-04T22:07:00","slug":"fonstab-et-der-fj-des-synergies-renforcees-pour-lautosuffisance-en-moutons-et-la-modernisation-du-secteur","status":"publish","type":"post","link":"https:\/\/sunuentreprise.sn\/index.php\/2025\/03\/04\/fonstab-et-der-fj-des-synergies-renforcees-pour-lautosuffisance-en-moutons-et-la-modernisation-du-secteur\/","title":{"rendered":"FONSTAB et DER\/FJ : Des synergies renforc\u00e9es pour l&rsquo;autosuffisance en moutons et la modernisation du secteur"},"content":{"rendered":"\n<p><\/p>\n\n\n\n<p><\/p>\n\n\n\n<p>Le Fonds d&rsquo;Appui \u00e0 la Stabulation (FONSTAB) et la D\u00e9l\u00e9gation G\u00e9n\u00e9rale \u00e0 l&rsquo;Entreprenariat Rapide (DER\/FJ) joignent leurs efforts pour une meilleure collaboration en vue du  d\u00e9veloppement du secteur de l&rsquo;\u00e9levage au S\u00e9n\u00e9gal. L&rsquo;objectif principal  est  d\u2019 explorer de nouveaux m\u00e9canismes de financement et d&rsquo;accompagnement pour les acteurs locaux, afin de stimuler la croissance et la modernisation de ce secteur vital.<\/p>\n\n\n\n<p>Au c\u0153ur des discussions, l&rsquo;ambition d&rsquo;atteindre l&rsquo;autosuffisance en moutons, un enjeu majeur pour la souverainet\u00e9 alimentaire du pays. Les deux institutions ont \u00e9galement mis l&rsquo;accent sur la promotion des cultures fourrag\u00e8res et des activit\u00e9s de reproduction, essentielles pour am\u00e9liorer la productivit\u00e9 et la durabilit\u00e9 des exploitations.Dr Aida Mbodji,  D\u00e9l\u00e9gu\u00e9e g\u00e9n\u00e9rale de la DER\/FJ, et Mme Fatoumata Diop Bakhoum DIOUF, Administratrice du FONSTAB, ont dirig\u00e9 les \u00e9changes, accompagn\u00e9es de leurs \u00e9quipes respectives. Ensemble, elles ont identifi\u00e9 des opportunit\u00e9s de collaboration concr\u00e8tes, visant \u00e0 am\u00e9liorer l&rsquo;acc\u00e8s au financement pour les \u00e9leveurs, en proposant des solutions adapt\u00e9es \u00e0 leurs besoins.Cette collaboration renforc\u00e9e entre le FONSTAB et la DER\/FJ s&rsquo;inscrit dans une vision commune consistant \u00e0 faire de l&rsquo;\u00e9levage un moteur de d\u00e9veloppement \u00e9conomique et social pour le S\u00e9n\u00e9gal. En unissant leurs forces, les deux institutions ambitionnent de booster le secteur de l&rsquo;\u00e9levage, en augmentant la production et la comp\u00e9titivit\u00e9. <\/p>\n\n\n\n<p>Ce qui contribuerait \u00e0 renforcer la souverainet\u00e9 alimentaire, en r\u00e9duisant la d\u00e9pendance aux importations tout en favorisant la cr\u00e9ation d&#8217;emplois dans ce secteur. Les acteurs locaux ont exprim\u00e9 leur enthousiasme face \u00e0 cette initiative, qui promet de transformer durablement l&rsquo;\u00e9levage au S\u00e9n\u00e9gal. <\/p>\n\n\n\n<figure class=\"wp-block-image size-large\"><img loading=\"lazy\" decoding=\"async\" width=\"1024\" height=\"683\" src=\"https:\/\/sunuentreprise.sn\/wp-content\/uploads\/2025\/03\/1000329820-1024x683.jpg\" alt=\"\" class=\"wp-image-3916\" srcset=\"https:\/\/sunuentreprise.sn\/wp-content\/uploads\/2025\/03\/1000329820-1024x683.jpg 1024w, https:\/\/sunuentreprise.sn\/wp-content\/uploads\/2025\/03\/1000329820-300x200.jpg 300w, https:\/\/sunuentreprise.sn\/wp-content\/uploads\/2025\/03\/1000329820-768x512.jpg 768w, https:\/\/sunuentreprise.sn\/wp-content\/uploads\/2025\/03\/1000329820-1536x1024.jpg 1536w, https:\/\/sunuentreprise.sn\/wp-content\/uploads\/2025\/03\/1000329820.jpg 1600w\" sizes=\"auto, (max-width: 1024px) 100vw, 1024px\" \/><\/figure>\n","protected":false},"excerpt":{"rendered":"<p>Le Fonds d&rsquo;Appui \u00e0 la Stabulation (FONSTAB) et la<\/p>\n","protected":false},"author":1,"featured_media":3916,"comment_status":"open","ping_status":"open","sticky":false,"template":"","format":"standard","meta":{"footnotes":""},"categories":[13,53],"tags":[137,133,74,115,11],"class_list":["post-3915","post","type-post","status-publish","format-standard","has-post-thumbnail","hentry","category-a-la-une","category-actualites","tag-der-fj","tag-entrepreneuriat","tag-financement","tag-formation","tag-senegal"],"_links":{"self":[{"href":"https:\/\/sunuentreprise.sn\/index.php\/wp-json\/wp\/v2\/posts\/3915","targetHints":{"allow":["GET"]}}],"collection":[{"href":"https:\/\/sunuentreprise.sn\/index.php\/wp-json\/wp\/v2\/posts"}],"about":[{"href":"https:\/\/sunuentreprise.sn\/index.php\/wp-json\/wp\/v2\/types\/post"}],"author":[{"embeddable":true,"href":"https:\/\/sunuentreprise.sn\/index.php\/wp-json\/wp\/v2\/users\/1"}],"replies":[{"embeddable":true,"href":"https:\/\/sunuentreprise.sn\/index.php\/wp-json\/wp\/v2\/comments?post=3915"}],"version-history":[{"count":1,"href":"https:\/\/sunuentreprise.sn\/index.php\/wp-json\/wp\/v2\/posts\/3915\/revisions"}],"predecessor-version":[{"id":3917,"href":"https:\/\/sunuentreprise.sn\/index.php\/wp-json\/wp\/v2\/posts\/3915\/revisions\/3917"}],"wp:featuredmedia":[{"embeddable":true,"href":"https:\/\/sunuentreprise.sn\/index.php\/wp-json\/wp\/v2\/media\/3916"}],"wp:attachment":[{"href":"https:\/\/sunuentreprise.sn\/index.php\/wp-json\/wp\/v2\/media?parent=3915"}],"wp:term":[{"taxonomy":"category","embeddable":true,"href":"https:\/\/sunuentreprise.sn\/index.php\/wp-json\/wp\/v2\/categories?post=3915"},{"taxonomy":"post_tag","embeddable":true,"href":"https:\/\/sunuentreprise.sn\/index.php\/wp-json\/wp\/v2\/tags?post=3915"}],"curies":[{"name":"wp","href":"https:\/\/api.w.org\/{rel}","templated":true}]}}