{"id":3948,"date":"2025-03-26T09:58:52","date_gmt":"2025-03-26T09:58:52","guid":{"rendered":"https:\/\/sunuentreprise.sn\/?p=3948"},"modified":"2025-03-26T09:58:53","modified_gmt":"2025-03-26T09:58:53","slug":"osaka-2050-le-senegal-marque-le-top-depart-de-sa-participation","status":"publish","type":"post","link":"https:\/\/sunuentreprise.sn\/index.php\/2025\/03\/26\/osaka-2050-le-senegal-marque-le-top-depart-de-sa-participation\/","title":{"rendered":"Osaka 2050: le S\u00e9n\u00e9gal marque le top d\u00e9part de sa participation"},"content":{"rendered":"\n<p><\/p>\n\n\n\n<figure class=\"wp-block-image size-large\"><img loading=\"lazy\" decoding=\"async\" width=\"1024\" height=\"682\" src=\"https:\/\/sunuentreprise.sn\/wp-content\/uploads\/2025\/03\/1001297385-1-1024x682.jpg\" alt=\"\" class=\"wp-image-3950\" srcset=\"https:\/\/sunuentreprise.sn\/wp-content\/uploads\/2025\/03\/1001297385-1-1024x682.jpg 1024w, https:\/\/sunuentreprise.sn\/wp-content\/uploads\/2025\/03\/1001297385-1-300x200.jpg 300w, https:\/\/sunuentreprise.sn\/wp-content\/uploads\/2025\/03\/1001297385-1-768x512.jpg 768w, https:\/\/sunuentreprise.sn\/wp-content\/uploads\/2025\/03\/1001297385-1-1536x1024.jpg 1536w, https:\/\/sunuentreprise.sn\/wp-content\/uploads\/2025\/03\/1001297385-1-2048x1365.jpg 2048w\" sizes=\"auto, (max-width: 1024px) 100vw, 1024px\" \/><\/figure>\n\n\n\n<p>Le S\u00e9n\u00e9gal a officiellement lanc\u00e9 ses activit\u00e9s de pr\u00e9paration pour l&rsquo;Exposition Universelle OSAKA 2025 lors d&rsquo;une c\u00e9r\u00e9monie tenue \u00e0 Dakar. Sous la pr\u00e9sidence du Ministre de l&rsquo;Industrie et du Commerce, Serigne Gu\u00e9ye DIOP, cet \u00e9v\u00e9nement marque le d\u00e9but de  la participation du pays \u00e0 ce rendez-vous mondial.L&rsquo;Agence S\u00e9n\u00e9galaise de Promotion des Exportations (ASEPEX) a pr\u00e9sent\u00e9 les objectifs de cette participation, soulignant une strat\u00e9gie ax\u00e9e sur le renforcement de la pr\u00e9sence du S\u00e9n\u00e9gal sur la sc\u00e8ne internationale. Cette exposition offre une plateforme unique pour positionner le pays comme un acteur cl\u00e9 dans divers secteurs.Bakary S\u00e9ga BATHILY, Directeur G\u00e9n\u00e9ral d&rsquo;APIX-SA, a mis en lumi\u00e8re les opportunit\u00e9s d&rsquo;investissement au S\u00e9n\u00e9gal, en pr\u00e9sentant les indicateurs macro\u00e9conomiques favorables et l&rsquo;environnement des affaires. Il a \u00e9galement abord\u00e9 les enjeux et d\u00e9fis \u00e9conomiques li\u00e9s \u00e0 la r\u00e9cente d\u00e9couverte de p\u00e9trole et de gaz, ainsi que les secteurs porteurs de croissance.La pr\u00e9sentation a inclus la \u00ab\u00a0VISION 2050\u00a0\u00bb des politiques publiques s\u00e9n\u00e9galaises et les projets structurants visant \u00e0 stimuler la relance \u00e9conomique. Ces atouts seront mis en avant \u00e0 OSAKA, au Japon, o\u00f9 l&rsquo;exposition se tiendra du 13 avril au 13 octobre 2025.La participation du S\u00e9n\u00e9gal \u00e0 l&rsquo;Exposition Universelle OSAKA 2025 repr\u00e9sente une occasion importante de promouvoir le potentiel \u00e9conomique du pays et de renforcer ses partenariats internationaux.<\/p>\n\n\n\n<figure class=\"wp-block-image size-large\"><img loading=\"lazy\" decoding=\"async\" width=\"1024\" height=\"682\" src=\"https:\/\/sunuentreprise.sn\/wp-content\/uploads\/2025\/03\/1001297385-1024x682.jpg\" alt=\"\" class=\"wp-image-3949\" srcset=\"https:\/\/sunuentreprise.sn\/wp-content\/uploads\/2025\/03\/1001297385-1024x682.jpg 1024w, https:\/\/sunuentreprise.sn\/wp-content\/uploads\/2025\/03\/1001297385-300x200.jpg 300w, https:\/\/sunuentreprise.sn\/wp-content\/uploads\/2025\/03\/1001297385-768x512.jpg 768w, https:\/\/sunuentreprise.sn\/wp-content\/uploads\/2025\/03\/1001297385-1536x1024.jpg 1536w, https:\/\/sunuentreprise.sn\/wp-content\/uploads\/2025\/03\/1001297385-2048x1365.jpg 2048w\" sizes=\"auto, (max-width: 1024px) 100vw, 1024px\" \/><\/figure>\n","protected":false},"excerpt":{"rendered":"<p>Le S\u00e9n\u00e9gal a officiellement lanc\u00e9 ses activit\u00e9s de pr\u00e9paration<\/p>\n","protected":false},"author":1,"featured_media":0,"comment_status":"open","ping_status":"open","sticky":false,"template":"","format":"standard","meta":{"footnotes":""},"categories":[13,53],"tags":[212,376,32,11],"class_list":["post-3948","post","type-post","status-publish","format-standard","hentry","category-a-la-une","category-actualites","tag-asepex","tag-expo-osaka-2025","tag-pme","tag-senegal"],"_links":{"self":[{"href":"https:\/\/sunuentreprise.sn\/index.php\/wp-json\/wp\/v2\/posts\/3948","targetHints":{"allow":["GET"]}}],"collection":[{"href":"https:\/\/sunuentreprise.sn\/index.php\/wp-json\/wp\/v2\/posts"}],"about":[{"href":"https:\/\/sunuentreprise.sn\/index.php\/wp-json\/wp\/v2\/types\/post"}],"author":[{"embeddable":true,"href":"https:\/\/sunuentreprise.sn\/index.php\/wp-json\/wp\/v2\/users\/1"}],"replies":[{"embeddable":true,"href":"https:\/\/sunuentreprise.sn\/index.php\/wp-json\/wp\/v2\/comments?post=3948"}],"version-history":[{"count":1,"href":"https:\/\/sunuentreprise.sn\/index.php\/wp-json\/wp\/v2\/posts\/3948\/revisions"}],"predecessor-version":[{"id":3951,"href":"https:\/\/sunuentreprise.sn\/index.php\/wp-json\/wp\/v2\/posts\/3948\/revisions\/3951"}],"wp:attachment":[{"href":"https:\/\/sunuentreprise.sn\/index.php\/wp-json\/wp\/v2\/media?parent=3948"}],"wp:term":[{"taxonomy":"category","embeddable":true,"href":"https:\/\/sunuentreprise.sn\/index.php\/wp-json\/wp\/v2\/categories?post=3948"},{"taxonomy":"post_tag","embeddable":true,"href":"https:\/\/sunuentreprise.sn\/index.php\/wp-json\/wp\/v2\/tags?post=3948"}],"curies":[{"name":"wp","href":"https:\/\/api.w.org\/{rel}","templated":true}]}}