{"id":3953,"date":"2025-04-04T19:01:53","date_gmt":"2025-04-04T19:01:53","guid":{"rendered":"https:\/\/sunuentreprise.sn\/?p=3953"},"modified":"2025-04-04T19:01:53","modified_gmt":"2025-04-04T19:01:53","slug":"partenariat-adepme-apda-une-synergie-dactions-pour-un-secteur-artisanal-performant","status":"publish","type":"post","link":"https:\/\/sunuentreprise.sn\/index.php\/2025\/04\/04\/partenariat-adepme-apda-une-synergie-dactions-pour-un-secteur-artisanal-performant\/","title":{"rendered":"Partenariat ADEPME -APDA : Une Synergie d&rsquo;Actions pour un Secteur Artisanal Performant"},"content":{"rendered":"\n<figure class=\"wp-block-image size-large\"><img loading=\"lazy\" decoding=\"async\" width=\"1024\" height=\"768\" src=\"https:\/\/sunuentreprise.sn\/wp-content\/uploads\/2025\/04\/1001350873-1024x768.jpg\" alt=\"\" class=\"wp-image-3954\" srcset=\"https:\/\/sunuentreprise.sn\/wp-content\/uploads\/2025\/04\/1001350873-1024x768.jpg 1024w, https:\/\/sunuentreprise.sn\/wp-content\/uploads\/2025\/04\/1001350873-300x225.jpg 300w, https:\/\/sunuentreprise.sn\/wp-content\/uploads\/2025\/04\/1001350873-768x576.jpg 768w, https:\/\/sunuentreprise.sn\/wp-content\/uploads\/2025\/04\/1001350873-720x540.jpg 720w, https:\/\/sunuentreprise.sn\/wp-content\/uploads\/2025\/04\/1001350873.jpg 1080w\" sizes=\"auto, (max-width: 1024px) 100vw, 1024px\" \/><\/figure>\n\n\n\n<p>L&rsquo;Agence de D\u00e9veloppement et d&rsquo;Encadrement des Petites et Moyennes Entreprises (ADEPME) et l&rsquo;Agence pour la Promotion et le D\u00e9veloppement de l&rsquo;Artisanat (APDA) ont annonc\u00e9 un partenariat renforc\u00e9 visant \u00e0 dynamiser le secteur artisanal s\u00e9n\u00e9galais.<br>Cette collaboration strat\u00e9gique vise \u00e0 unir les comp\u00e9tences des deux institutions pour soutenir les initiatives gouvernementales en faveur d&rsquo;un secteur artisanal fort et comp\u00e9titif.<\/p>\n\n\n\n<p>La r\u00e9cente visite de Madame Sophie Zinga SY au Centre de D\u00e9monstration de Technologies de l&rsquo;ADEPME a \u00e9t\u00e9 l&rsquo;occasion pour les deux agences de discuter des pistes de collaboration pour am\u00e9liorer la productivit\u00e9 des PME artisanales. Cette rencontre a \u00e9galement permis d&rsquo;identifier des actions communes pour stimuler la cr\u00e9ation d&#8217;emplois dans des niches \u00e0 fort potentiel \u00e9conomique.<br>Les deux directrices g\u00e9n\u00e9rales ont r\u00e9affirm\u00e9 leur engagement \u00e0 renforcer leur partenariat existant afin de contribuer activement au d\u00e9veloppement \u00e9conomique du S\u00e9n\u00e9gal. Ce partenariat se concentrera sur l\u00a0\u00bbam\u00e9lioration de la productivit\u00e9 des PME artisanales en fournissant un soutien technique et des ressources pour am\u00e9liorer l&rsquo;efficacit\u00e9 et la qualit\u00e9 de la production.<br>Ce partenariat vise \u00e0 renforcer le renforcement des capacit\u00e9s en offrant des formations et un accompagnement pour aider les artisans \u00e0 d\u00e9velopper leurs comp\u00e9tences et leur comp\u00e9titivit\u00e9.<br>Ce partenariat compte aussi contribuer \u00e0 la promotion des produits locaux en valorisant le savoir-faire artisanal s\u00e9n\u00e9galais et en encourageant la consommation de produits locaux.<br>En unissant leurs forces, L&rsquo;ADEPME et l&rsquo;APDA contribueront \u00e0 cr\u00e9er un environnement favorable \u00e0 la croissance des PME artisanales et \u00e0 la cr\u00e9ation d&#8217;emplois durables.<\/p>\n","protected":false},"excerpt":{"rendered":"<p>L&rsquo;Agence de D\u00e9veloppement et d&rsquo;Encadrement des Petites et Moyennes<\/p>\n","protected":false},"author":1,"featured_media":0,"comment_status":"open","ping_status":"open","sticky":false,"template":"","format":"standard","meta":{"footnotes":""},"categories":[13,53],"tags":[],"class_list":["post-3953","post","type-post","status-publish","format-standard","hentry","category-a-la-une","category-actualites"],"_links":{"self":[{"href":"https:\/\/sunuentreprise.sn\/index.php\/wp-json\/wp\/v2\/posts\/3953","targetHints":{"allow":["GET"]}}],"collection":[{"href":"https:\/\/sunuentreprise.sn\/index.php\/wp-json\/wp\/v2\/posts"}],"about":[{"href":"https:\/\/sunuentreprise.sn\/index.php\/wp-json\/wp\/v2\/types\/post"}],"author":[{"embeddable":true,"href":"https:\/\/sunuentreprise.sn\/index.php\/wp-json\/wp\/v2\/users\/1"}],"replies":[{"embeddable":true,"href":"https:\/\/sunuentreprise.sn\/index.php\/wp-json\/wp\/v2\/comments?post=3953"}],"version-history":[{"count":1,"href":"https:\/\/sunuentreprise.sn\/index.php\/wp-json\/wp\/v2\/posts\/3953\/revisions"}],"predecessor-version":[{"id":3955,"href":"https:\/\/sunuentreprise.sn\/index.php\/wp-json\/wp\/v2\/posts\/3953\/revisions\/3955"}],"wp:attachment":[{"href":"https:\/\/sunuentreprise.sn\/index.php\/wp-json\/wp\/v2\/media?parent=3953"}],"wp:term":[{"taxonomy":"category","embeddable":true,"href":"https:\/\/sunuentreprise.sn\/index.php\/wp-json\/wp\/v2\/categories?post=3953"},{"taxonomy":"post_tag","embeddable":true,"href":"https:\/\/sunuentreprise.sn\/index.php\/wp-json\/wp\/v2\/tags?post=3953"}],"curies":[{"name":"wp","href":"https:\/\/api.w.org\/{rel}","templated":true}]}}