{"id":3971,"date":"2025-04-13T20:13:50","date_gmt":"2025-04-13T20:13:50","guid":{"rendered":"https:\/\/sunuentreprise.sn\/?p=3971"},"modified":"2025-04-13T20:13:50","modified_gmt":"2025-04-13T20:13:50","slug":"formation-professionnelle-123-jeunes-formes-a-lembouche-ovine-pour-dynamiser-le-secteur-de-lelevage","status":"publish","type":"post","link":"https:\/\/sunuentreprise.sn\/index.php\/2025\/04\/13\/formation-professionnelle-123-jeunes-formes-a-lembouche-ovine-pour-dynamiser-le-secteur-de-lelevage\/","title":{"rendered":"Formation professionnelle :  123 jeunes form\u00e9s \u00e0 l&#8217;embouche ovine pour dynamiser le secteur de l&rsquo;\u00e9levage"},"content":{"rendered":"\n<p> <\/p>\n\n\n\n<figure class=\"wp-block-image size-large\"><img loading=\"lazy\" decoding=\"async\" width=\"1024\" height=\"764\" src=\"https:\/\/sunuentreprise.sn\/wp-content\/uploads\/2025\/04\/1001398796-1024x764.jpg\" alt=\"\" class=\"wp-image-3972\" srcset=\"https:\/\/sunuentreprise.sn\/wp-content\/uploads\/2025\/04\/1001398796-1024x764.jpg 1024w, https:\/\/sunuentreprise.sn\/wp-content\/uploads\/2025\/04\/1001398796-300x224.jpg 300w, https:\/\/sunuentreprise.sn\/wp-content\/uploads\/2025\/04\/1001398796-768x573.jpg 768w, https:\/\/sunuentreprise.sn\/wp-content\/uploads\/2025\/04\/1001398796.jpg 1080w\" sizes=\"auto, (max-width: 1024px) 100vw, 1024px\" \/><\/figure>\n\n\n\n<p>Dans une initiative visant \u00e0 renforcer les comp\u00e9tences des jeunes professionnels du secteur de l&rsquo;\u00e9levage, 123 d&rsquo;entre eux ont r\u00e9cemment achev\u00e9 une formation sp\u00e9cialis\u00e9e en embouche ovine. Ce programme, mis en \u0153uvre par le 3FPT (Fonds de Financement de la Formation Professionnelle et Technique) dans le cadre du projet AgriJeunes, s&rsquo;est d\u00e9roul\u00e9 en partenariat avec l&rsquo;Institut de Formation Professionnelle et Technique de Louga (IFPP).<\/p>\n\n\n\n<p>L&#8217;embouche ovine, une technique d&rsquo;\u00e9levage qui consiste \u00e0 engraisser les moutons pour am\u00e9liorer leur valeur marchande, repr\u00e9sente un enjeu \u00e9conomique important pour la r\u00e9gion. Conscients de ce potentiel, le 3FPT et l&rsquo;IFPP ont uni leurs efforts pour offrir une formation de qualit\u00e9, ax\u00e9e sur les pratiques modernes et efficaces de l&#8217;embouche.Une formation compl\u00e8te pour des professionnels comp\u00e9tentsPendant plusieurs semaines, les participants ont acquis des connaissances th\u00e9oriques et pratiques approfondies sur divers aspects de l&#8217;embouche ovine. Le programme couvrait notamment  la s\u00e9lection des animaux et le suivi qui sied pour un bon d\u00e9veloppement de la fili\u00e8re avec le  choix des races, les  crit\u00e8res de qualit\u00e9,  l\u00a0\u00bbalimentation  et la gestion des fourrages. Les participants ont \u00e9galement \u00e9t\u00e9 initi\u00e9 en  sant\u00e9 animale avec la pr\u00e9vention et le traitement des maladies courantes.  <\/p>\n\n\n\n<p>La commercialisation et les strat\u00e9gies de vente ainsi que la  connaissance du march\u00e9 ont aussi \u00e9t\u00e9 enseign\u00e9es. Un investissement pour l&rsquo;avenir de l&rsquo;\u00e9levage localCette initiative s&rsquo;inscrit dans une volont\u00e9 plus large de promouvoir l&#8217;emploi des jeunes dans le secteur agricole et de contribuer au d\u00e9veloppement \u00e9conomique local. En dotant les jeunes \u00e9leveurs de comp\u00e9tences techniques pointues, le 3FPT et l&rsquo;IFPP leur offrent de meilleures perspectives d&rsquo;avenir et participent \u00e0 la modernisation du secteur de l&rsquo;\u00e9levage \u00e0 Louga. <\/p>\n\n\n\n<p>Les jeunes dipl\u00f4m\u00e9s sont d\u00e9sormais pr\u00eats \u00e0 mettre en pratique leurs nouvelles comp\u00e9tences et \u00e0 contribuer \u00e0 l&rsquo;essor de l&#8217;embouche ovine dans leur r\u00e9gion. Gr\u00e2ce \u00e0 cette formation, ils sont mieux arm\u00e9s pour faire face aux d\u00e9fis du secteur et pour saisir les opportunit\u00e9s qui se pr\u00e9sentent.<\/p>\n\n\n\n<p><\/p>\n","protected":false},"excerpt":{"rendered":"<p>Dans une initiative visant \u00e0 renforcer les comp\u00e9tences des<\/p>\n","protected":false},"author":1,"featured_media":0,"comment_status":"open","ping_status":"open","sticky":false,"template":"","format":"standard","meta":{"footnotes":""},"categories":[13,53,65,4],"tags":[],"class_list":["post-3971","post","type-post","status-publish","format-standard","hentry","category-a-la-une","category-actualites","category-agriculture-elevage","category-pme-pmi"],"_links":{"self":[{"href":"https:\/\/sunuentreprise.sn\/index.php\/wp-json\/wp\/v2\/posts\/3971","targetHints":{"allow":["GET"]}}],"collection":[{"href":"https:\/\/sunuentreprise.sn\/index.php\/wp-json\/wp\/v2\/posts"}],"about":[{"href":"https:\/\/sunuentreprise.sn\/index.php\/wp-json\/wp\/v2\/types\/post"}],"author":[{"embeddable":true,"href":"https:\/\/sunuentreprise.sn\/index.php\/wp-json\/wp\/v2\/users\/1"}],"replies":[{"embeddable":true,"href":"https:\/\/sunuentreprise.sn\/index.php\/wp-json\/wp\/v2\/comments?post=3971"}],"version-history":[{"count":1,"href":"https:\/\/sunuentreprise.sn\/index.php\/wp-json\/wp\/v2\/posts\/3971\/revisions"}],"predecessor-version":[{"id":3973,"href":"https:\/\/sunuentreprise.sn\/index.php\/wp-json\/wp\/v2\/posts\/3971\/revisions\/3973"}],"wp:attachment":[{"href":"https:\/\/sunuentreprise.sn\/index.php\/wp-json\/wp\/v2\/media?parent=3971"}],"wp:term":[{"taxonomy":"category","embeddable":true,"href":"https:\/\/sunuentreprise.sn\/index.php\/wp-json\/wp\/v2\/categories?post=3971"},{"taxonomy":"post_tag","embeddable":true,"href":"https:\/\/sunuentreprise.sn\/index.php\/wp-json\/wp\/v2\/tags?post=3971"}],"curies":[{"name":"wp","href":"https:\/\/api.w.org\/{rel}","templated":true}]}}