{"id":3998,"date":"2025-04-26T17:55:32","date_gmt":"2025-04-26T17:55:32","guid":{"rendered":"https:\/\/sunuentreprise.sn\/?p=3998"},"modified":"2025-04-26T17:55:34","modified_gmt":"2025-04-26T17:55:34","slug":"lancement-officiel-de-la-plateforme-e-sante-docsen-un-pas-de-plus-vers-la-sante-numerique","status":"publish","type":"post","link":"https:\/\/sunuentreprise.sn\/index.php\/2025\/04\/26\/lancement-officiel-de-la-plateforme-e-sante-docsen-un-pas-de-plus-vers-la-sante-numerique\/","title":{"rendered":"Lancement officiel de la plateforme e-sant\u00e9 DOCSEN : Un pas de plus vers la sant\u00e9 num\u00e9rique"},"content":{"rendered":"\n<p>Lancement officiel de la plateforme e-sant\u00e9 DOCSEN : Un pas de plus vers la sant\u00e9 num\u00e9rique<\/p>\n\n\n\n<p>Le Dhub de la D\u00e9l\u00e9gation g\u00e9n\u00e9rale \u00e0 l&rsquo;Entreprenariat Rapide des Femmes et des Jeunes (DER\/FJ) a servi de cadre ce samedi 26 avril pour abriter le lancement officiel de la plateforme de e-sant\u00e9 www.docsen.online.<br>Cet \u00e9v\u00e9nement marque une avanc\u00e9e significative pour la digitalisation du secteur de la sant\u00e9 au S\u00e9n\u00e9gal.<\/p>\n\n\n\n<p>La c\u00e9r\u00e9monie s&rsquo;est d\u00e9roul\u00e9e en pr\u00e9sence de la D\u00e9l\u00e9gu\u00e9e g\u00e9n\u00e9rale de la DER\/FJ, Dr Aida Mbodji, du Ministre de la Sant\u00e9 et de l&rsquo;Action sociale, Dr Ibrahima SY, et de la Ministre de la Jeunesse, Mme Khady Di\u00e8ne GAYE, ainsi que de nombreux acteurs cl\u00e9s de la sant\u00e9 au S\u00e9n\u00e9gal.<br>Dans le cadre de sa strat\u00e9gie de d\u00e9veloppement du num\u00e9rique, la DER\/FJ a consenti un investissement substantiel de pr\u00e8s de 2 milliards de FCFA pour dynamiser l&rsquo;innovation dans le domaine de la sant\u00e9, avec une mention particuli\u00e8re sur la e-sant\u00e9. Cet engagement s&rsquo;est concr\u00e9tis\u00e9 par un soutien cibl\u00e9 aux professionnels de sant\u00e9 et \u00e0 des startups prometteuses telles que Docteur S\u00e9n\u00e9gal, qui \u0153uvre \u00e0 transformer l&rsquo;acc\u00e8s aux soins gr\u00e2ce aux outils num\u00e9riques.<\/p>\n\n\n\n<p>Le Ministre de la Sant\u00e9, Dr Ibrahima SY, a chaleureusement salu\u00e9 la contribution essentielle de la DER\/FJ dans la modernisation du secteur de la sant\u00e9. Il a \u00e9galement r\u00e9affirm\u00e9 l&rsquo;engagement du minist\u00e8re \u00e0 soutenir le d\u00e9ploiement de la plateforme DOCSEN au sein d&rsquo;autres structures de sant\u00e9 \u00e0 travers le pays, soulignant son potentiel pour am\u00e9liorer l&rsquo;acc\u00e8s et la qualit\u00e9 des soins pour tous les S\u00e9n\u00e9galais.<br>Le lancement de DOCSEN s&rsquo;aligne parfaitement avec les objectifs du #PAVIE2 (Programme d\u2019Appui \u00e0 la Valorisation des Initiatives Entrepreneuriales des Jeunes et des Femmes), qui ambitionne de renforcer le soutien aux startups.<br>L&rsquo;objectif est de construire, en collaboration avec les acteurs publics et priv\u00e9s, un \u00e9cosyst\u00e8me de sant\u00e9 moderne, durable et souverain, pla\u00e7ant l&rsquo;innovation num\u00e9rique au c\u0153ur de sa transformation.<\/p>\n\n\n\n<figure class=\"wp-block-gallery has-nested-images columns-default is-cropped wp-block-gallery-1 is-layout-flex wp-block-gallery-is-layout-flex\">\n<figure class=\"wp-block-image size-large\"><img loading=\"lazy\" decoding=\"async\" width=\"768\" height=\"1024\" data-id=\"3999\" src=\"https:\/\/sunuentreprise.sn\/wp-content\/uploads\/2025\/04\/35ccf93e-0e66-4d50-88d2-f477cdeb53c2-768x1024.jpeg\" alt=\"\" class=\"wp-image-3999\" srcset=\"https:\/\/sunuentreprise.sn\/wp-content\/uploads\/2025\/04\/35ccf93e-0e66-4d50-88d2-f477cdeb53c2-768x1024.jpeg 768w, https:\/\/sunuentreprise.sn\/wp-content\/uploads\/2025\/04\/35ccf93e-0e66-4d50-88d2-f477cdeb53c2-225x300.jpeg 225w, https:\/\/sunuentreprise.sn\/wp-content\/uploads\/2025\/04\/35ccf93e-0e66-4d50-88d2-f477cdeb53c2-450x600.jpeg 450w, https:\/\/sunuentreprise.sn\/wp-content\/uploads\/2025\/04\/35ccf93e-0e66-4d50-88d2-f477cdeb53c2.jpeg 1080w\" sizes=\"auto, (max-width: 768px) 100vw, 768px\" \/><\/figure>\n\n\n\n<figure class=\"wp-block-image size-large\"><img loading=\"lazy\" decoding=\"async\" width=\"867\" height=\"1024\" data-id=\"4000\" src=\"https:\/\/sunuentreprise.sn\/wp-content\/uploads\/2025\/04\/18bdfaff-619d-46de-a601-d4ce9147d81e-867x1024.jpeg\" alt=\"\" class=\"wp-image-4000\" srcset=\"https:\/\/sunuentreprise.sn\/wp-content\/uploads\/2025\/04\/18bdfaff-619d-46de-a601-d4ce9147d81e-867x1024.jpeg 867w, https:\/\/sunuentreprise.sn\/wp-content\/uploads\/2025\/04\/18bdfaff-619d-46de-a601-d4ce9147d81e-254x300.jpeg 254w, https:\/\/sunuentreprise.sn\/wp-content\/uploads\/2025\/04\/18bdfaff-619d-46de-a601-d4ce9147d81e-768x907.jpeg 768w, https:\/\/sunuentreprise.sn\/wp-content\/uploads\/2025\/04\/18bdfaff-619d-46de-a601-d4ce9147d81e.jpeg 914w\" sizes=\"auto, (max-width: 867px) 100vw, 867px\" \/><\/figure>\n\n\n\n<figure class=\"wp-block-image size-large\"><img loading=\"lazy\" decoding=\"async\" width=\"999\" height=\"1024\" data-id=\"4001\" src=\"https:\/\/sunuentreprise.sn\/wp-content\/uploads\/2025\/04\/c0fed0b6-9567-4a20-ad74-a2f42f33cc6f-999x1024.jpeg\" alt=\"\" class=\"wp-image-4001\" srcset=\"https:\/\/sunuentreprise.sn\/wp-content\/uploads\/2025\/04\/c0fed0b6-9567-4a20-ad74-a2f42f33cc6f-999x1024.jpeg 999w, https:\/\/sunuentreprise.sn\/wp-content\/uploads\/2025\/04\/c0fed0b6-9567-4a20-ad74-a2f42f33cc6f-293x300.jpeg 293w, https:\/\/sunuentreprise.sn\/wp-content\/uploads\/2025\/04\/c0fed0b6-9567-4a20-ad74-a2f42f33cc6f-768x787.jpeg 768w, https:\/\/sunuentreprise.sn\/wp-content\/uploads\/2025\/04\/c0fed0b6-9567-4a20-ad74-a2f42f33cc6f.jpeg 1054w\" sizes=\"auto, (max-width: 999px) 100vw, 999px\" \/><\/figure>\n<\/figure>\n","protected":false},"excerpt":{"rendered":"<p>Lancement officiel de la plateforme e-sant\u00e9 DOCSEN : Un<\/p>\n","protected":false},"author":1,"featured_media":4002,"comment_status":"open","ping_status":"open","sticky":false,"template":"","format":"standard","meta":{"footnotes":""},"categories":[13,53],"tags":[127,137],"class_list":["post-3998","post","type-post","status-publish","format-standard","has-post-thumbnail","hentry","category-a-la-une","category-actualites","tag-accompagnement","tag-der-fj"],"_links":{"self":[{"href":"https:\/\/sunuentreprise.sn\/index.php\/wp-json\/wp\/v2\/posts\/3998","targetHints":{"allow":["GET"]}}],"collection":[{"href":"https:\/\/sunuentreprise.sn\/index.php\/wp-json\/wp\/v2\/posts"}],"about":[{"href":"https:\/\/sunuentreprise.sn\/index.php\/wp-json\/wp\/v2\/types\/post"}],"author":[{"embeddable":true,"href":"https:\/\/sunuentreprise.sn\/index.php\/wp-json\/wp\/v2\/users\/1"}],"replies":[{"embeddable":true,"href":"https:\/\/sunuentreprise.sn\/index.php\/wp-json\/wp\/v2\/comments?post=3998"}],"version-history":[{"count":1,"href":"https:\/\/sunuentreprise.sn\/index.php\/wp-json\/wp\/v2\/posts\/3998\/revisions"}],"predecessor-version":[{"id":4003,"href":"https:\/\/sunuentreprise.sn\/index.php\/wp-json\/wp\/v2\/posts\/3998\/revisions\/4003"}],"wp:featuredmedia":[{"embeddable":true,"href":"https:\/\/sunuentreprise.sn\/index.php\/wp-json\/wp\/v2\/media\/4002"}],"wp:attachment":[{"href":"https:\/\/sunuentreprise.sn\/index.php\/wp-json\/wp\/v2\/media?parent=3998"}],"wp:term":[{"taxonomy":"category","embeddable":true,"href":"https:\/\/sunuentreprise.sn\/index.php\/wp-json\/wp\/v2\/categories?post=3998"},{"taxonomy":"post_tag","embeddable":true,"href":"https:\/\/sunuentreprise.sn\/index.php\/wp-json\/wp\/v2\/tags?post=3998"}],"curies":[{"name":"wp","href":"https:\/\/api.w.org\/{rel}","templated":true}]}}