{"id":4014,"date":"2025-04-29T15:12:37","date_gmt":"2025-04-29T15:12:37","guid":{"rendered":"https:\/\/sunuentreprise.sn\/?p=4014"},"modified":"2025-04-29T15:12:38","modified_gmt":"2025-04-29T15:12:38","slug":"prix-oscar-national-de-la-qualite-le-secretaire-detat-aux-pme-pmi-salue-lengagement-des-entreprises-pour-une-transformation-economique-par-la-qualite","status":"publish","type":"post","link":"https:\/\/sunuentreprise.sn\/index.php\/2025\/04\/29\/prix-oscar-national-de-la-qualite-le-secretaire-detat-aux-pme-pmi-salue-lengagement-des-entreprises-pour-une-transformation-economique-par-la-qualite\/","title":{"rendered":"Prix Oscar National de la Qualit\u00e9:  Le Secr\u00e9taire d&rsquo;\u00c9tat aux PME-PMI salue l&rsquo;engagement des entreprises pour une transformation \u00e9conomique par la qualit\u00e9"},"content":{"rendered":"\n<figure class=\"wp-block-image size-large\"><img loading=\"lazy\" decoding=\"async\" width=\"1024\" height=\"773\" src=\"https:\/\/sunuentreprise.sn\/wp-content\/uploads\/2025\/04\/1001485850-1024x773.jpg\" alt=\"\" class=\"wp-image-4015\" srcset=\"https:\/\/sunuentreprise.sn\/wp-content\/uploads\/2025\/04\/1001485850-1024x773.jpg 1024w, https:\/\/sunuentreprise.sn\/wp-content\/uploads\/2025\/04\/1001485850-300x226.jpg 300w, https:\/\/sunuentreprise.sn\/wp-content\/uploads\/2025\/04\/1001485850-768x580.jpg 768w, https:\/\/sunuentreprise.sn\/wp-content\/uploads\/2025\/04\/1001485850.jpg 1080w\" sizes=\"auto, (max-width: 1024px) 100vw, 1024px\" \/><\/figure>\n\n\n\n<p>La rencontre \u00e9tait \u00e0 l&rsquo;honneur de la rigueur et de l&rsquo;excellence ce 29 avril, lors de la c\u00e9r\u00e9monie de remise des troph\u00e9es du Prix Oscar national de la Qualit\u00e9. L&rsquo;\u00e9v\u00e9nement pr\u00e9sid\u00e9 par Son Excellence Monsieur le Pr\u00e9sident de la R\u00e9publique Bassirou Diomaye Faye, a mis en lumi\u00e8re les entreprises s\u00e9n\u00e9galaises qui font de la qualit\u00e9 un v\u00e9ritable moteur de transformation \u00e9conomique.<\/p>\n\n\n\n<p>Ibrahima Thiam, Secr\u00e9taire d\u2019\u00c9tat au D\u00e9veloppement des PME-PMI, a marqu\u00e9 de sa pr\u00e9sence cette c\u00e9l\u00e9bration, se faisant le porte-voix des petites et moyennes entreprises qui \u0153uvrent avec innovation et d\u00e9termination, souvent loin des projecteurs. Dans son allocution, il a soulign\u00e9 l&rsquo;importance de la qualit\u00e9 comme \u00ab\u00a0un engagement permanent pour d\u00e9passer les contraintes, franchir les seuils de comp\u00e9titivit\u00e9, et ouvrir les portes de nouveaux march\u00e9s.\u00a0\u00bbLe Secr\u00e9taire d&rsquo;\u00c9tat a r\u00e9affirm\u00e9 l&rsquo;engagement de l&rsquo;\u00c9tat \u00e0 soutenir cette ambition \u00e0 travers une approche multidimensionnelle. Cela inclut la promotion de normes rigoureuses, la mise en place de m\u00e9canismes favorisant la mont\u00e9e en gamme des produits et services, l&rsquo;offre d&rsquo;outils de financement adapt\u00e9s aux besoins des PME-PMI, et un accompagnement renforc\u00e9 des fili\u00e8res strat\u00e9giques jug\u00e9es essentielles pour l&rsquo;\u00e9conomie nationale. \u00ab\u00a0Car la souverainet\u00e9 \u00e9conomique \u00e0 laquelle nous aspirons passe par la vitalit\u00e9 de nos entreprises, par leur capacit\u00e9 \u00e0 se hisser aux standards internationaux et \u00e0 cr\u00e9er de la valeur,\u00a0\u00bb a-t-il d\u00e9clar\u00e9 avec conviction.Les laur\u00e9ats de cette \u00e9dition du Prix Oscar national de la Qualit\u00e9 ont \u00e9t\u00e9 pr\u00e9sent\u00e9s comme des exemples concrets de cette possibilit\u00e9. Pour M. Thiam, ils ne repr\u00e9sentent pas une simple exception, mais plut\u00f4t \u00ab\u00a0la promesse d\u2019un S\u00e9n\u00e9gal nouveau, o\u00f9 l\u2019excellence ne sera plus l\u2019apanage des grandes structures, mais l\u2019identit\u00e9 partag\u00e9e d\u2019un tissu entrepreneurial conqu\u00e9rant et structur\u00e9.\u00a0\u00bb<\/p>\n\n\n\n<figure class=\"wp-block-image size-large\"><img loading=\"lazy\" decoding=\"async\" width=\"766\" height=\"1024\" src=\"https:\/\/sunuentreprise.sn\/wp-content\/uploads\/2025\/04\/1001485853-766x1024.jpg\" alt=\"\" class=\"wp-image-4017\" srcset=\"https:\/\/sunuentreprise.sn\/wp-content\/uploads\/2025\/04\/1001485853-766x1024.jpg 766w, https:\/\/sunuentreprise.sn\/wp-content\/uploads\/2025\/04\/1001485853-224x300.jpg 224w, https:\/\/sunuentreprise.sn\/wp-content\/uploads\/2025\/04\/1001485853-768x1027.jpg 768w, https:\/\/sunuentreprise.sn\/wp-content\/uploads\/2025\/04\/1001485853.jpg 1080w\" sizes=\"auto, (max-width: 766px) 100vw, 766px\" \/><\/figure>\n\n\n\n<p>Dans un appel direct \u00e0 l&rsquo;ensemble de la communaut\u00e9 entrepreneuriale s\u00e9n\u00e9galaise, M. Ibrahima Thiam a lanc\u00e9 une invitation \u00e0 \u00ab\u00a0\u00e9lever leur exigence, renforcer leur savoir-faire et b\u00e2tir sur la qualit\u00e9.\u00a0\u00bb Il a conclu son discours en assurant que l&rsquo;\u00c9tat accompagnera les pme-pmi dans cette qu\u00eate de l&rsquo;excellence, r\u00e9affirmant ainsi le r\u00f4le central du gouvernement dans le soutien au d\u00e9veloppement d&rsquo;un secteur priv\u00e9 comp\u00e9titif et de haute qualit\u00e9.<\/p>\n\n\n\n<p>Cette c\u00e9r\u00e9monie de remise des prix marque une \u00e9tape importante dans la reconnaissance et l&rsquo;encouragement des initiatives entrepreneuriales qui placent la qualit\u00e9 au c\u0153ur de leur strat\u00e9gie, contribuant ainsi \u00e0 l&rsquo;essor \u00e9conomique et \u00e0 la construction d&rsquo;un S\u00e9n\u00e9gal plus prosp\u00e8re.<\/p>\n\n\n\n<p><\/p>\n","protected":false},"excerpt":{"rendered":"<p>La rencontre \u00e9tait \u00e0 l&rsquo;honneur de la rigueur et<\/p>\n","protected":false},"author":1,"featured_media":4015,"comment_status":"open","ping_status":"open","sticky":false,"template":"","format":"standard","meta":{"footnotes":""},"categories":[13,53,4],"tags":[614,127,133,74,32,33,11],"class_list":["post-4014","post","type-post","status-publish","format-standard","has-post-thumbnail","hentry","category-a-la-une","category-actualites","category-pme-pmi","tag-oscardelaqualite","tag-accompagnement","tag-entrepreneuriat","tag-financement","tag-pme","tag-pmi","tag-senegal"],"_links":{"self":[{"href":"https:\/\/sunuentreprise.sn\/index.php\/wp-json\/wp\/v2\/posts\/4014","targetHints":{"allow":["GET"]}}],"collection":[{"href":"https:\/\/sunuentreprise.sn\/index.php\/wp-json\/wp\/v2\/posts"}],"about":[{"href":"https:\/\/sunuentreprise.sn\/index.php\/wp-json\/wp\/v2\/types\/post"}],"author":[{"embeddable":true,"href":"https:\/\/sunuentreprise.sn\/index.php\/wp-json\/wp\/v2\/users\/1"}],"replies":[{"embeddable":true,"href":"https:\/\/sunuentreprise.sn\/index.php\/wp-json\/wp\/v2\/comments?post=4014"}],"version-history":[{"count":2,"href":"https:\/\/sunuentreprise.sn\/index.php\/wp-json\/wp\/v2\/posts\/4014\/revisions"}],"predecessor-version":[{"id":4018,"href":"https:\/\/sunuentreprise.sn\/index.php\/wp-json\/wp\/v2\/posts\/4014\/revisions\/4018"}],"wp:featuredmedia":[{"embeddable":true,"href":"https:\/\/sunuentreprise.sn\/index.php\/wp-json\/wp\/v2\/media\/4015"}],"wp:attachment":[{"href":"https:\/\/sunuentreprise.sn\/index.php\/wp-json\/wp\/v2\/media?parent=4014"}],"wp:term":[{"taxonomy":"category","embeddable":true,"href":"https:\/\/sunuentreprise.sn\/index.php\/wp-json\/wp\/v2\/categories?post=4014"},{"taxonomy":"post_tag","embeddable":true,"href":"https:\/\/sunuentreprise.sn\/index.php\/wp-json\/wp\/v2\/tags?post=4014"}],"curies":[{"name":"wp","href":"https:\/\/api.w.org\/{rel}","templated":true}]}}