{"id":4050,"date":"2025-05-21T14:24:21","date_gmt":"2025-05-21T14:24:21","guid":{"rendered":"https:\/\/sunuentreprise.sn\/?p=4050"},"modified":"2025-05-21T14:24:21","modified_gmt":"2025-05-21T14:24:21","slug":"le-3fpt-mise-sur-la-labellisation-pour-une-formation-professionnelle-dexcellence","status":"publish","type":"post","link":"https:\/\/sunuentreprise.sn\/index.php\/2025\/05\/21\/le-3fpt-mise-sur-la-labellisation-pour-une-formation-professionnelle-dexcellence\/","title":{"rendered":"Le 3FPT mise sur la labellisation pour une formation professionnelle d&rsquo;excellence"},"content":{"rendered":"\n<figure class=\"wp-block-image size-large\"><img loading=\"lazy\" decoding=\"async\" width=\"1024\" height=\"683\" src=\"https:\/\/sunuentreprise.sn\/wp-content\/uploads\/2025\/05\/1001607812-1024x683.jpg\" alt=\"\" class=\"wp-image-4051\" srcset=\"https:\/\/sunuentreprise.sn\/wp-content\/uploads\/2025\/05\/1001607812-1024x683.jpg 1024w, https:\/\/sunuentreprise.sn\/wp-content\/uploads\/2025\/05\/1001607812-300x200.jpg 300w, https:\/\/sunuentreprise.sn\/wp-content\/uploads\/2025\/05\/1001607812-768x512.jpg 768w, https:\/\/sunuentreprise.sn\/wp-content\/uploads\/2025\/05\/1001607812.jpg 1080w\" sizes=\"auto, (max-width: 1024px) 100vw, 1024px\" \/><\/figure>\n\n\n\n<p>Le Fonds de Financement de la Formation professionnelle et technique (3FPT) vient d&#8217;emtammer une nouvelle \u00e9tape dans sa qu\u00eate d&rsquo;excellence. Un atelier sur la labellisation destin\u00e9 aux dirigeants d&rsquo;\u00e9tablissements de formation professionnelle a \u00e9t\u00e9 tenu \u00e0 cet effet.<\/p>\n\n\n\n<p>L&rsquo;initiative, pr\u00e9sid\u00e9e par le Directeur g\u00e9n\u00e9ral du 3FPT, Dr Babo Amadou BA, et en pr\u00e9sence de M. Modou Niang, repr\u00e9sentant du ministre, vise \u00e0 transformer le paysage de la formation professionnelle au S\u00e9n\u00e9gal en y instaurant des standards de qualit\u00e9 \u00e9lev\u00e9s.<br>L&rsquo;objectif principal de cette d\u00e9marche est de renforcer la comp\u00e9titivit\u00e9 des \u00e9tablissements de formation et garantir que les comp\u00e9tences dispens\u00e9es r\u00e9pondent pr\u00e9cis\u00e9ment aux exigences en constante \u00e9volution du march\u00e9 du travail.<\/p>\n\n\n\n<figure class=\"wp-block-image size-large\"><img loading=\"lazy\" decoding=\"async\" width=\"1024\" height=\"683\" src=\"https:\/\/sunuentreprise.sn\/wp-content\/uploads\/2025\/05\/1001607813-1024x683.jpg\" alt=\"\" class=\"wp-image-4053\" srcset=\"https:\/\/sunuentreprise.sn\/wp-content\/uploads\/2025\/05\/1001607813-1024x683.jpg 1024w, https:\/\/sunuentreprise.sn\/wp-content\/uploads\/2025\/05\/1001607813-300x200.jpg 300w, https:\/\/sunuentreprise.sn\/wp-content\/uploads\/2025\/05\/1001607813-768x512.jpg 768w, https:\/\/sunuentreprise.sn\/wp-content\/uploads\/2025\/05\/1001607813.jpg 1080w\" sizes=\"auto, (max-width: 1024px) 100vw, 1024px\" \/><\/figure>\n\n\n\n<p>Lors de cet atelier, un r\u00e9f\u00e9rentiel de labellisation a \u00e9t\u00e9 pr\u00e9sent\u00e9, d\u00e9taillant les crit\u00e8res que les \u00e9tablissements devront d\u00e9sormais respecter pour obtenir cette reconnaissance de qualit\u00e9.<br>Les participants ont eu l&rsquo;opportunit\u00e9 de s&rsquo;approprier les proc\u00e9dures de labellisation et d&rsquo;en comprendre les subtilit\u00e9s. Un moment fort de la rencontre a \u00e9t\u00e9 l&rsquo;annonce de la certification ISO 9001 version 2015 r\u00e9cemment obtenue par le 3FPT, une preuve tangible de son engagement in\u00e9branlable envers l&rsquo;excellence op\u00e9rationnelle et la qualit\u00e9 de ses services.<\/p>\n\n\n\n<figure class=\"wp-block-image size-large\"><img loading=\"lazy\" decoding=\"async\" width=\"1024\" height=\"683\" src=\"https:\/\/sunuentreprise.sn\/wp-content\/uploads\/2025\/05\/1001607829-1024x683.jpg\" alt=\"\" class=\"wp-image-4054\" srcset=\"https:\/\/sunuentreprise.sn\/wp-content\/uploads\/2025\/05\/1001607829-1024x683.jpg 1024w, https:\/\/sunuentreprise.sn\/wp-content\/uploads\/2025\/05\/1001607829-300x200.jpg 300w, https:\/\/sunuentreprise.sn\/wp-content\/uploads\/2025\/05\/1001607829-768x512.jpg 768w, https:\/\/sunuentreprise.sn\/wp-content\/uploads\/2025\/05\/1001607829.jpg 1080w\" sizes=\"auto, (max-width: 1024px) 100vw, 1024px\" \/><\/figure>\n\n\n\n<p><br>Les diff\u00e9rentes interventions ont unanimement salu\u00e9 cette initiative du 3FPT, soulignant particuli\u00e8rement l&rsquo;importance de la digitalisation des proc\u00e9dures. Une nouvelle plateforme num\u00e9rique, pr\u00e9sent\u00e9e lors de l&rsquo;atelier, promet de rendre le processus de labellisation plus accessible, transparent et efficace pour tous les acteurs.<br>Pour le Dr Babo Amadou BA, la labellisation est bien plus qu&rsquo;une simple certification ; c&rsquo;est un levier essentiel pour l&rsquo;am\u00e9lioration continue de la qualit\u00e9 de l&rsquo;enseignement et, in fine, pour favoriser l&#8217;employabilit\u00e9 des jeunes s\u00e9n\u00e9galais.<br>En rehaussant les standards, le 3FPT s&rsquo;engage \u00e0 former une nouvelle g\u00e9n\u00e9ration de professionnels hautement qualifi\u00e9s, pr\u00eats \u00e0 relever les d\u00e9fis \u00e9conomiques de demain.<\/p>\n\n\n\n<p>Cet atelier marque ind\u00e9niablement une avanc\u00e9e significative et prometteuse pour l&rsquo;avenir de la formation professionnelle au S\u00e9n\u00e9gal, ouvrant la voie \u00e0 une main-d&rsquo;\u0153uvre plus comp\u00e9tente et \u00e0 une meilleure ad\u00e9quation entre formation et emploi.<\/p>\n","protected":false},"excerpt":{"rendered":"<p>Le Fonds de Financement de la Formation professionnelle et<\/p>\n","protected":false},"author":1,"featured_media":4051,"comment_status":"open","ping_status":"open","sticky":false,"template":"","format":"standard","meta":{"footnotes":""},"categories":[13,53],"tags":[127,74,115,210],"class_list":["post-4050","post","type-post","status-publish","format-standard","has-post-thumbnail","hentry","category-a-la-une","category-actualites","tag-accompagnement","tag-financement","tag-formation","tag-partenariat"],"_links":{"self":[{"href":"https:\/\/sunuentreprise.sn\/index.php\/wp-json\/wp\/v2\/posts\/4050","targetHints":{"allow":["GET"]}}],"collection":[{"href":"https:\/\/sunuentreprise.sn\/index.php\/wp-json\/wp\/v2\/posts"}],"about":[{"href":"https:\/\/sunuentreprise.sn\/index.php\/wp-json\/wp\/v2\/types\/post"}],"author":[{"embeddable":true,"href":"https:\/\/sunuentreprise.sn\/index.php\/wp-json\/wp\/v2\/users\/1"}],"replies":[{"embeddable":true,"href":"https:\/\/sunuentreprise.sn\/index.php\/wp-json\/wp\/v2\/comments?post=4050"}],"version-history":[{"count":2,"href":"https:\/\/sunuentreprise.sn\/index.php\/wp-json\/wp\/v2\/posts\/4050\/revisions"}],"predecessor-version":[{"id":4055,"href":"https:\/\/sunuentreprise.sn\/index.php\/wp-json\/wp\/v2\/posts\/4050\/revisions\/4055"}],"wp:featuredmedia":[{"embeddable":true,"href":"https:\/\/sunuentreprise.sn\/index.php\/wp-json\/wp\/v2\/media\/4051"}],"wp:attachment":[{"href":"https:\/\/sunuentreprise.sn\/index.php\/wp-json\/wp\/v2\/media?parent=4050"}],"wp:term":[{"taxonomy":"category","embeddable":true,"href":"https:\/\/sunuentreprise.sn\/index.php\/wp-json\/wp\/v2\/categories?post=4050"},{"taxonomy":"post_tag","embeddable":true,"href":"https:\/\/sunuentreprise.sn\/index.php\/wp-json\/wp\/v2\/tags?post=4050"}],"curies":[{"name":"wp","href":"https:\/\/api.w.org\/{rel}","templated":true}]}}