{"id":4106,"date":"2025-07-29T17:02:03","date_gmt":"2025-07-29T17:02:03","guid":{"rendered":"https:\/\/sunuentreprise.sn\/?p=4106"},"modified":"2025-07-29T17:02:03","modified_gmt":"2025-07-29T17:02:03","slug":"ladepme-et-la-giz-peseree-lancent-la-3e-session-fve-un-pas-de-plus-vers-lentrepreneuriat-formel","status":"publish","type":"post","link":"https:\/\/sunuentreprise.sn\/index.php\/2025\/07\/29\/ladepme-et-la-giz-peseree-lancent-la-3e-session-fve-un-pas-de-plus-vers-lentrepreneuriat-formel\/","title":{"rendered":"L&rsquo;ADEPME et la GIZ-PESEREE lancent la 3e session FVE : un pas de plus vers l&rsquo;entrepreneuriat formel"},"content":{"rendered":"\n\n\n<p>L&rsquo;ADEPME et la GIZ-PESEREE ont lanc\u00e9  la 3e session de formation de formateurs sur le module \u00ab\u00a0Formalisez votre entreprise &#8211; FVE\u00a0\u00bb, d\u00e9velopp\u00e9 par l&rsquo;Organisation Internationale du Travail (OIT). Cette formation vise \u00e0 outiller les coordonnateurs et coachs d&rsquo;incubateurs membres du RIEES pour qu&rsquo;ils deviennent des acteurs cl\u00e9s de la formalisation des entrepreneurs dans l&rsquo;enseignement sup\u00e9rieur.<\/p>\n\n\n\n<p>L&rsquo;objectif de cette formation est de b\u00e2tir un entrepreneuriat fort, structur\u00e9 et durable. Cette nouvelle cohorte r\u00e9unit des repr\u00e9sentants de 4 universit\u00e9s et de 5 ISEP, tous engag\u00e9s pour atteindre cet objectif.Les universit\u00e9s Alioune Diop de Bambey (UADB), Assane Seck de Ziguinchor (UASZ), Gaston Berger de Saint-Louis (UGB) et l&rsquo;\u00c9cole Polytechnique de Thi\u00e8s (EPT) ont particip\u00e9 \u00e0 la session de formation qui s&rsquo;est d\u00e9roul\u00e9e dans la petite de c\u00f4te de Mbour.Plusieurs ISEP dont celui de Matam, de  Diamniadio, de Bignona, de Richard Toll et de Thi\u00e8s ont \u00e9galement pris part \u00e0 la formation.<\/p>\n\n\n\n<p>La premi\u00e8re journ\u00e9e de formation a permis aux participants de faire des \u00e9changes et de partager leurs exp\u00e9riences. Ils ont tous exprim\u00e9 leur  d\u00e9termination \u00e0 construire un \u00e9cosyst\u00e8me entrepreneurial formalis\u00e9, inclusif et r\u00e9silient pour un enseignement sup\u00e9rieur de qualit\u00e9.<\/p>\n","protected":false},"excerpt":{"rendered":"<p>L&rsquo;ADEPME et la GIZ-PESEREE ont lanc\u00e9 la 3e session<\/p>\n","protected":false},"author":1,"featured_media":4107,"comment_status":"open","ping_status":"open","sticky":false,"template":"","format":"standard","meta":{"footnotes":""},"categories":[13,53,4],"tags":[127,144,115,32,11],"class_list":["post-4106","post","type-post","status-publish","format-standard","has-post-thumbnail","hentry","category-a-la-une","category-actualites","category-pme-pmi","tag-accompagnement","tag-adepme","tag-formation","tag-pme","tag-senegal"],"_links":{"self":[{"href":"https:\/\/sunuentreprise.sn\/index.php\/wp-json\/wp\/v2\/posts\/4106","targetHints":{"allow":["GET"]}}],"collection":[{"href":"https:\/\/sunuentreprise.sn\/index.php\/wp-json\/wp\/v2\/posts"}],"about":[{"href":"https:\/\/sunuentreprise.sn\/index.php\/wp-json\/wp\/v2\/types\/post"}],"author":[{"embeddable":true,"href":"https:\/\/sunuentreprise.sn\/index.php\/wp-json\/wp\/v2\/users\/1"}],"replies":[{"embeddable":true,"href":"https:\/\/sunuentreprise.sn\/index.php\/wp-json\/wp\/v2\/comments?post=4106"}],"version-history":[{"count":1,"href":"https:\/\/sunuentreprise.sn\/index.php\/wp-json\/wp\/v2\/posts\/4106\/revisions"}],"predecessor-version":[{"id":4108,"href":"https:\/\/sunuentreprise.sn\/index.php\/wp-json\/wp\/v2\/posts\/4106\/revisions\/4108"}],"wp:featuredmedia":[{"embeddable":true,"href":"https:\/\/sunuentreprise.sn\/index.php\/wp-json\/wp\/v2\/media\/4107"}],"wp:attachment":[{"href":"https:\/\/sunuentreprise.sn\/index.php\/wp-json\/wp\/v2\/media?parent=4106"}],"wp:term":[{"taxonomy":"category","embeddable":true,"href":"https:\/\/sunuentreprise.sn\/index.php\/wp-json\/wp\/v2\/categories?post=4106"},{"taxonomy":"post_tag","embeddable":true,"href":"https:\/\/sunuentreprise.sn\/index.php\/wp-json\/wp\/v2\/tags?post=4106"}],"curies":[{"name":"wp","href":"https:\/\/api.w.org\/{rel}","templated":true}]}}