{"id":4126,"date":"2025-09-17T13:27:10","date_gmt":"2025-09-17T13:27:10","guid":{"rendered":"https:\/\/sunuentreprise.sn\/?p=4126"},"modified":"2025-09-17T13:27:10","modified_gmt":"2025-09-17T13:27:10","slug":"les-pme-au-coeur-du-developpement-economique-et-social-du-senegal","status":"publish","type":"post","link":"https:\/\/sunuentreprise.sn\/index.php\/2025\/09\/17\/les-pme-au-coeur-du-developpement-economique-et-social-du-senegal\/","title":{"rendered":"Les Pme au c\u0153ur du d\u00e9veloppement \u00e9conomique et social du S\u00e9n\u00e9gal"},"content":{"rendered":"\n\n\n<p>Selon Ibrahima Thiam, secr\u00e9taire d\u2019\u00c9tat au D\u00e9veloppement des Pme-Pmi, les petites et moyennes entreprises sont bien plus que de simples structures \u00e9conomiques. \u00ab\u00a0Elles sont des moteurs d\u2019emploi, d\u2019innovation et de r\u00e9silience qui jouent un r\u00f4le crucial dans la croissance \u00e9conomique et le d\u00e9veloppement social du S\u00e9n\u00e9gal\u00a0\u00bb a t&rsquo;il soulign\u00e9 \u00e0 l&rsquo;occasion de la c\u00e9r\u00e9monie de pr\u00e9sentation du plan strat\u00e9gique de d\u00e9veloppement des PME de l&rsquo;Agence d&rsquo;Encadrement et de D\u00e9veloppement des Petites et Moyennes Entreprises, ADEPME, tenue ce jeudi 11 septembre \u00e0 Dakar. Le secr\u00e9taire d\u2019\u00c9tat a pr\u00e9sent\u00e9 la nouvelle strat\u00e9gie de l&rsquo;Agence de D\u00e9veloppement et d&rsquo;Encadrement des PME (Adepme), qui vise \u00e0 relever plusieurs d\u00e9fis importants. Cette strat\u00e9gie a pour objectif de renforcer la comp\u00e9titivit\u00e9 des Pme, de favoriser l\u2019inclusion, de promouvoir le Made in S\u00e9n\u00e9gal et d\u2019ouvrir davantage les Pme aux march\u00e9s nationaux et internationaux. <\/p>\n\n\n\n<p>Un signal fort de co-cr\u00e9ation et d\u2019innovation<\/p>\n\n\n\n<p>Ibrahima Thiam a salu\u00e9 le choix d\u2019un hackathon pour cr\u00e9er la nouvelle identit\u00e9 visuelle de l\u2019Adepme, y voyant un signal fort de la volont\u00e9 de co-cr\u00e9ation, d\u2019ouverture et d\u2019innovation participative. Cette d\u00e9marche illustre la volont\u00e9 de l\u2019Agence d\u2019associer largement les parties prenantes \u00e0 son d\u00e9veloppement.<\/p>\n\n\n\n<p>Le Ministre a par ailleurs assur\u00e9 que son d\u00e9partement sera aux c\u00f4t\u00e9s de l\u2019Adepme pour mettre en \u0153uvre la strat\u00e9gie et faire en sorte qu&rsquo;elle devienne une r\u00e9alit\u00e9 concr\u00e8te pour les entrepreneurs s\u00e9n\u00e9galais. Il a appel\u00e9 les participants \u00e0 contribuer activement \u00e0 la mise en \u0153uvre du plan  pour que les recommandations qui en sortiront soient concr\u00e8tes et utiles pour les Pme.<\/p>\n\n\n\n<p><\/p>\n","protected":false},"excerpt":{"rendered":"<p>Selon Ibrahima Thiam, secr\u00e9taire d\u2019\u00c9tat au D\u00e9veloppement des Pme-Pmi,<\/p>\n","protected":false},"author":1,"featured_media":4127,"comment_status":"open","ping_status":"open","sticky":false,"template":"","format":"standard","meta":{"footnotes":""},"categories":[13,53,4],"tags":[],"class_list":["post-4126","post","type-post","status-publish","format-standard","has-post-thumbnail","hentry","category-a-la-une","category-actualites","category-pme-pmi"],"_links":{"self":[{"href":"https:\/\/sunuentreprise.sn\/index.php\/wp-json\/wp\/v2\/posts\/4126","targetHints":{"allow":["GET"]}}],"collection":[{"href":"https:\/\/sunuentreprise.sn\/index.php\/wp-json\/wp\/v2\/posts"}],"about":[{"href":"https:\/\/sunuentreprise.sn\/index.php\/wp-json\/wp\/v2\/types\/post"}],"author":[{"embeddable":true,"href":"https:\/\/sunuentreprise.sn\/index.php\/wp-json\/wp\/v2\/users\/1"}],"replies":[{"embeddable":true,"href":"https:\/\/sunuentreprise.sn\/index.php\/wp-json\/wp\/v2\/comments?post=4126"}],"version-history":[{"count":1,"href":"https:\/\/sunuentreprise.sn\/index.php\/wp-json\/wp\/v2\/posts\/4126\/revisions"}],"predecessor-version":[{"id":4128,"href":"https:\/\/sunuentreprise.sn\/index.php\/wp-json\/wp\/v2\/posts\/4126\/revisions\/4128"}],"wp:featuredmedia":[{"embeddable":true,"href":"https:\/\/sunuentreprise.sn\/index.php\/wp-json\/wp\/v2\/media\/4127"}],"wp:attachment":[{"href":"https:\/\/sunuentreprise.sn\/index.php\/wp-json\/wp\/v2\/media?parent=4126"}],"wp:term":[{"taxonomy":"category","embeddable":true,"href":"https:\/\/sunuentreprise.sn\/index.php\/wp-json\/wp\/v2\/categories?post=4126"},{"taxonomy":"post_tag","embeddable":true,"href":"https:\/\/sunuentreprise.sn\/index.php\/wp-json\/wp\/v2\/tags?post=4126"}],"curies":[{"name":"wp","href":"https:\/\/api.w.org\/{rel}","templated":true}]}}