{"id":4149,"date":"2026-04-27T15:41:31","date_gmt":"2026-04-27T15:41:31","guid":{"rendered":"https:\/\/sunuentreprise.sn\/?p=4149"},"modified":"2026-04-27T15:41:31","modified_gmt":"2026-04-27T15:41:31","slug":"soutien-aux-pme-ladepme-et-weecap-sunissent-pour-booster-la-filiere-anacarde","status":"publish","type":"post","link":"https:\/\/sunuentreprise.sn\/index.php\/2026\/04\/27\/soutien-aux-pme-ladepme-et-weecap-sunissent-pour-booster-la-filiere-anacarde\/","title":{"rendered":"Soutien aux PME : L\u2019ADEPME et Weecap s\u2019unissent pour booster la fili\u00e8re anacarde"},"content":{"rendered":"\n<figure class=\"wp-block-image size-large\"><img loading=\"lazy\" decoding=\"async\" width=\"1024\" height=\"683\" src=\"https:\/\/sunuentreprise.sn\/wp-content\/uploads\/2026\/04\/1004285-1024x683.jpg\" alt=\"\" class=\"wp-image-4150\" srcset=\"https:\/\/sunuentreprise.sn\/wp-content\/uploads\/2026\/04\/1004285-1024x683.jpg 1024w, https:\/\/sunuentreprise.sn\/wp-content\/uploads\/2026\/04\/1004285-300x200.jpg 300w, https:\/\/sunuentreprise.sn\/wp-content\/uploads\/2026\/04\/1004285-768x512.jpg 768w, https:\/\/sunuentreprise.sn\/wp-content\/uploads\/2026\/04\/1004285-1536x1024.jpg 1536w, https:\/\/sunuentreprise.sn\/wp-content\/uploads\/2026\/04\/1004285.jpg 2048w\" sizes=\"auto, (max-width: 1024px) 100vw, 1024px\" \/><\/figure>\n\n\n\n<p>Un nouveau jalon vient d\u2019\u00eatre pos\u00e9 pour l\u2019\u00e9cosyst\u00e8me entrepreneurial s\u00e9n\u00e9galais. Le lundi 13 avril 2026, l\u2019Agence de D\u00e9veloppement et d\u2019Encadrement des Petites et Moyennes Entreprises (ADEPME) et le programme Weecap ont scell\u00e9 une alliance strat\u00e9gique pour transformer durablement le visage des PME locales.<\/p>\n\n\n\n<p>\u200b\u200bCette signature n&rsquo;est pas un simple acte administratif ; elle s&rsquo;inscrit directement dans la dynamique du plan de transformation Impact PME. L&rsquo;objectif est de passer d&rsquo;une \u00e9conomie de subsistance \u00e0 un tissu industriel robuste.\u200b En unissant leurs forces, l\u2019ADEPME et Weecap entendent lever les barri\u00e8res qui freinent encore trop souvent les entrepreneurs s\u00e9n\u00e9galais, notamment en mati\u00e8re de structuration technique et de comp\u00e9titivit\u00e9 sur les march\u00e9s internationaux.<\/p>\n\n\n\n<p>\u200bSi le partenariat a une port\u00e9e globale, il accorde une priorit\u00e9 strat\u00e9gique \u00e0 la fili\u00e8re anacarde (noix de cajou). Ce secteur, vital pour l&rsquo;\u00e9conomie nationale, b\u00e9n\u00e9ficiera d&rsquo;un accompagnement sur mesure pour am\u00e9liorer la qualit\u00e9 de la production et moderniser les outils de transformation locale.<\/p>\n\n\n\n<p>Cette convention pr\u00e9voit des m\u00e9canismes concrets pour faciliter le financement des entreprises \u00e0 fort potentiel.\u200b\u00ab L\u2019ambition est de promouvoir une croissance qui soit \u00e0 la fois durable et inclusive, tout en \u00e9tant une v\u00e9ritable machine \u00e0 cr\u00e9er des emplois pour la jeunesse s\u00e9n\u00e9galaise \u00bb, souligne-t-on du c\u00f4t\u00e9 des signataires.\u200b <\/p>\n\n\n\n<p>Gr\u00e2ce \u00e0 ce dispositif, les PME s\u00e9lectionn\u00e9es ne recevront pas seulement des fonds, mais b\u00e9n\u00e9ficieront d&rsquo;un suivi de proximit\u00e9 pour garantir leur p\u00e9rennit\u00e9 et leur passage \u00e0 l&rsquo;\u00e9chelle sup\u00e9rieure.<\/p>\n\n\n\n<p>\u200b<\/p>\n\n\n\n<p><\/p>\n","protected":false},"excerpt":{"rendered":"<p>Un nouveau jalon vient d\u2019\u00eatre pos\u00e9 pour l\u2019\u00e9cosyst\u00e8me entrepreneurial<\/p>\n","protected":false},"author":1,"featured_media":4150,"comment_status":"open","ping_status":"open","sticky":false,"template":"","format":"standard","meta":{"footnotes":""},"categories":[13,53,4],"tags":[144,133,74,210,32,11],"class_list":["post-4149","post","type-post","status-publish","format-standard","has-post-thumbnail","hentry","category-a-la-une","category-actualites","category-pme-pmi","tag-adepme","tag-entrepreneuriat","tag-financement","tag-partenariat","tag-pme","tag-senegal"],"_links":{"self":[{"href":"https:\/\/sunuentreprise.sn\/index.php\/wp-json\/wp\/v2\/posts\/4149","targetHints":{"allow":["GET"]}}],"collection":[{"href":"https:\/\/sunuentreprise.sn\/index.php\/wp-json\/wp\/v2\/posts"}],"about":[{"href":"https:\/\/sunuentreprise.sn\/index.php\/wp-json\/wp\/v2\/types\/post"}],"author":[{"embeddable":true,"href":"https:\/\/sunuentreprise.sn\/index.php\/wp-json\/wp\/v2\/users\/1"}],"replies":[{"embeddable":true,"href":"https:\/\/sunuentreprise.sn\/index.php\/wp-json\/wp\/v2\/comments?post=4149"}],"version-history":[{"count":1,"href":"https:\/\/sunuentreprise.sn\/index.php\/wp-json\/wp\/v2\/posts\/4149\/revisions"}],"predecessor-version":[{"id":4151,"href":"https:\/\/sunuentreprise.sn\/index.php\/wp-json\/wp\/v2\/posts\/4149\/revisions\/4151"}],"wp:featuredmedia":[{"embeddable":true,"href":"https:\/\/sunuentreprise.sn\/index.php\/wp-json\/wp\/v2\/media\/4150"}],"wp:attachment":[{"href":"https:\/\/sunuentreprise.sn\/index.php\/wp-json\/wp\/v2\/media?parent=4149"}],"wp:term":[{"taxonomy":"category","embeddable":true,"href":"https:\/\/sunuentreprise.sn\/index.php\/wp-json\/wp\/v2\/categories?post=4149"},{"taxonomy":"post_tag","embeddable":true,"href":"https:\/\/sunuentreprise.sn\/index.php\/wp-json\/wp\/v2\/tags?post=4149"}],"curies":[{"name":"wp","href":"https:\/\/api.w.org\/{rel}","templated":true}]}}